{"id":202935,"date":"2022-02-11T06:57:13","date_gmt":"2022-02-11T12:57:13","guid":{"rendered":"https:\/\/plazajuarez.mx\/?p=202935"},"modified":"2022-02-11T06:57:27","modified_gmt":"2022-02-11T12:57:27","slug":"se-celebro-el-107-aniversario-de-la-fuerza-aerea-mexicana","status":"publish","type":"post","link":"https:\/\/plazajuarez.mx\/historico\/se-celebro-el-107-aniversario-de-la-fuerza-aerea-mexicana\/","title":{"rendered":"Se celebr\u00f3 el 107 aniversario de la Fuerza A\u00e9rea Mexicana"},"content":{"rendered":"\n<p>El gobernador de Hidalgo, Omar Fayad, acompa\u00f1\u00f3 al presidente de M\u00e9xico, Andr\u00e9s Manuel L\u00f3pez Obrador, a la ceremonia conmemorativa del 107 aniversario de la Fuerza A\u00e9rea Mexicana, instituci\u00f3n con alto patriotismo al servicio de los mexicanos. En el marco de la conmemoraci\u00f3n, autoridades e invitados realizaron un recorrido por la Escuela Militar de Tropas Especialistas de la Fuerza A\u00e9rea, la Escuela Militar de Materiales de Guerra y el Museo Militar de Aviaci\u00f3n.<\/p>\n\n\n\n<p>Los museos estar\u00e1n abiertos al p\u00fablico en general, la poblaci\u00f3n puede visitarlos para conocer la historia de la aviaci\u00f3n en M\u00e9xico. El mandatario hidalguense felicit\u00f3 a los elementos que integran la Fuerza A\u00e9rea Mexicana, mujeres y hombres quienes cumplen sus responsabilidades con total entrega y profundo amor a M\u00e9xico y quienes conforman a una de las instituciones de mayor confianza para los mexicanos.<\/p>\n","protected":false},"excerpt":{"rendered":"<p>El gobernador de Hidalgo, Omar Fayad, acompa\u00f1\u00f3 al presidente de M\u00e9xico, Andr\u00e9s Manuel L\u00f3pez Obrador, a la ceremonia conmemorativa del 107 aniversario de la Fuerza A\u00e9rea Mexicana, instituci\u00f3n con alto patriotismo al servicio de los mexicanos. En el marco de la conmemoraci\u00f3n, autoridades e invitados realizaron un recorrido por la Escuela Militar de Tropas Especialistas [&hellip;]<\/p>\n","protected":false},"author":93,"featured_media":202936,"comment_status":"closed","ping_status":"closed","sticky":false,"template":"","format":"standard","meta":{"footnotes":""},"categories":[59,2159],"tags":[],"class_list":["post-202935","post","type-post","status-publish","format-standard","has-post-thumbnail","hentry","category-general","category-noticias-de-hidalgo"],"_links":{"self":[{"href":"https:\/\/plazajuarez.mx\/historico\/wp-json\/wp\/v2\/posts\/202935","targetHints":{"allow":["GET"]}}],"collection":[{"href":"https:\/\/plazajuarez.mx\/historico\/wp-json\/wp\/v2\/posts"}],"about":[{"href":"https:\/\/plazajuarez.mx\/historico\/wp-json\/wp\/v2\/types\/post"}],"author":[{"embeddable":true,"href":"https:\/\/plazajuarez.mx\/historico\/wp-json\/wp\/v2\/users\/93"}],"replies":[{"embeddable":true,"href":"https:\/\/plazajuarez.mx\/historico\/wp-json\/wp\/v2\/comments?post=202935"}],"version-history":[{"count":0,"href":"https:\/\/plazajuarez.mx\/historico\/wp-json\/wp\/v2\/posts\/202935\/revisions"}],"wp:featuredmedia":[{"embeddable":true,"href":"https:\/\/plazajuarez.mx\/historico\/wp-json\/wp\/v2\/media\/202936"}],"wp:attachment":[{"href":"https:\/\/plazajuarez.mx\/historico\/wp-json\/wp\/v2\/media?parent=202935"}],"wp:term":[{"taxonomy":"category","embeddable":true,"href":"https:\/\/plazajuarez.mx\/historico\/wp-json\/wp\/v2\/categories?post=202935"},{"taxonomy":"post_tag","embeddable":true,"href":"https:\/\/plazajuarez.mx\/historico\/wp-json\/wp\/v2\/tags?post=202935"}],"curies":[{"name":"wp","href":"https:\/\/api.w.org\/{rel}","templated":true}]}}