{"id":202588,"date":"2022-02-08T13:05:49","date_gmt":"2022-02-08T19:05:49","guid":{"rendered":"https:\/\/plazajuarez.mx\/?p=202588"},"modified":"2022-02-08T13:06:29","modified_gmt":"2022-02-08T19:06:29","slug":"tres-responsables-de-secuestro-agravado-fueron-sentenciados-a-50-anos-de-prision","status":"publish","type":"post","link":"https:\/\/plazajuarez.mx\/historico\/tres-responsables-de-secuestro-agravado-fueron-sentenciados-a-50-anos-de-prision\/","title":{"rendered":"Tres responsables de secuestro agravado\u00a0fueron sentenciados a 50 a\u00f1os de prisi\u00f3n"},"content":{"rendered":"\n<p>La Procuradur\u00eda General de Justicia del estado de Hidalgo dio a conocer que personal ministerial adscrito a la Unidad Especializada en el Combate al Secuestro (UECS), obtuvo de un tribunal de enjuiciamiento, sentencia condenatoria de 50 a\u00f1os de prisi\u00f3n para tres personas, por encontrarlos responsables de secuestro agravado, ocurrido en Tepeapulco.<\/p>\n\n\n\n<p>Los hechos de los que resultaron responsables tres personas identificadas como Luis Alfredo \u201cN\u201d, Marcos \u201cN\u201d y Guillermo \u201cN\u201d, ocurrieron en abril del 2019, mientras la v\u00edctima se encontraba al exterior de su domicilio ubicado en Ciudad Sahag\u00fan, cuando de un veh\u00edculo descendieron tres personas que lo amagaron de manera violenta y lo privaron de su libertad.<\/p>\n\n\n\n<p>Luego de haberlo obligado a subir a un autom\u00f3vil, lo trasladaron con rumbo desconocido, al mismo tiempo que llamaron a sus familiares exigiendo el pago de un rescate a cambio de su libertad.<\/p>\n\n\n\n<p>Derivado del secuestro, las v\u00edctimas indirectas solicitaron la intervenci\u00f3n de la unidad antisecuestros, quienes proporcionaron la ayuda necesaria, as\u00ed como el acompa\u00f1amiento para el manejo de crisis.<\/p>\n\n\n\n<p>El personal de la UECS, intervino en las negociaciones y se implement\u00f3 un operativo t\u00e1ctico y de inteligencia mediante el que fue localizado el auto donde viajaban los plagiarios junto con la v\u00edctima, en la comunidad de Tepeyahualco, en Zempoala.<\/p>\n\n\n\n<p>En dicho lugar, los agentes adscritos a la UECS detuvieron a tres personas, miasmas que fueron presentadas ante la agencia Ministerio P\u00fablico correspondiente, al mismo tiempo que la v\u00edctima fue liberada.<\/p>\n\n\n\n<p>Con base en los datos de prueba aportados por esta representaci\u00f3n social, se obtuvo el auto de vinculaci\u00f3n a proceso para los tres imputados se\u00f1alados como los probables responsables, posteriormente, cumplido el plazo del cierre de la investigaci\u00f3n complementaria.<\/p>\n\n\n\n<p>Una vez que la UECS prob\u00f3 plenamente la responsabilidad de Luis Alfredo \u201cN\u201d, Marcos \u201cN\u201d y Guillermo \u201cN\u201d, un tribunal de enjuiciamiento les dict\u00f3 sentencia condenatoria de 50 a\u00f1os de prisi\u00f3n.<\/p>\n\n\n\n<p>A los sentenciados se les fij\u00f3 el pago de una multa y un pago por concepto de la reparaci\u00f3n del da\u00f1o.<\/p>\n","protected":false},"excerpt":{"rendered":"<p>La Procuradur\u00eda General de Justicia del estado de Hidalgo dio a conocer que personal ministerial adscrito a la Unidad Especializada en el Combate al Secuestro (UECS), obtuvo de un tribunal de enjuiciamiento, sentencia condenatoria de 50 a\u00f1os de prisi\u00f3n para tres personas, por encontrarlos responsables de secuestro agravado, ocurrido en Tepeapulco. Los hechos de los [&hellip;]<\/p>\n","protected":false},"author":93,"featured_media":202590,"comment_status":"closed","ping_status":"closed","sticky":false,"template":"","format":"standard","meta":{"footnotes":""},"categories":[37],"tags":[],"class_list":["post-202588","post","type-post","status-publish","format-standard","has-post-thumbnail","hentry","category-barandilla"],"_links":{"self":[{"href":"https:\/\/plazajuarez.mx\/historico\/wp-json\/wp\/v2\/posts\/202588","targetHints":{"allow":["GET"]}}],"collection":[{"href":"https:\/\/plazajuarez.mx\/historico\/wp-json\/wp\/v2\/posts"}],"about":[{"href":"https:\/\/plazajuarez.mx\/historico\/wp-json\/wp\/v2\/types\/post"}],"author":[{"embeddable":true,"href":"https:\/\/plazajuarez.mx\/historico\/wp-json\/wp\/v2\/users\/93"}],"replies":[{"embeddable":true,"href":"https:\/\/plazajuarez.mx\/historico\/wp-json\/wp\/v2\/comments?post=202588"}],"version-history":[{"count":0,"href":"https:\/\/plazajuarez.mx\/historico\/wp-json\/wp\/v2\/posts\/202588\/revisions"}],"wp:featuredmedia":[{"embeddable":true,"href":"https:\/\/plazajuarez.mx\/historico\/wp-json\/wp\/v2\/media\/202590"}],"wp:attachment":[{"href":"https:\/\/plazajuarez.mx\/historico\/wp-json\/wp\/v2\/media?parent=202588"}],"wp:term":[{"taxonomy":"category","embeddable":true,"href":"https:\/\/plazajuarez.mx\/historico\/wp-json\/wp\/v2\/categories?post=202588"},{"taxonomy":"post_tag","embeddable":true,"href":"https:\/\/plazajuarez.mx\/historico\/wp-json\/wp\/v2\/tags?post=202588"}],"curies":[{"name":"wp","href":"https:\/\/api.w.org\/{rel}","templated":true}]}}