{"id":202546,"date":"2022-02-08T07:07:39","date_gmt":"2022-02-08T13:07:39","guid":{"rendered":"https:\/\/plazajuarez.mx\/?p=202546"},"modified":"2022-02-08T07:07:53","modified_gmt":"2022-02-08T13:07:53","slug":"derechos-humanos-prioridad-del-pri-erika-rodriguez","status":"publish","type":"post","link":"https:\/\/plazajuarez.mx\/historico\/derechos-humanos-prioridad-del-pri-erika-rodriguez\/","title":{"rendered":"Derechos humanos prioridad del PRI: Erika Rodriguez"},"content":{"rendered":"\n<p>La diputada local del Partido Revolucionario Institucional (PRI) Erika Rodr\u00edguez Hern\u00e1ndez, destac\u00f3 que tras un a\u00f1o de ejercicio legislativo se han trabajado en diversas vertientes entre las que destac\u00f3 los derechos humanos ya que asegur\u00f3 que gran parte de las necesidades de la poblaci\u00f3n tiene que ver con una legislaci\u00f3n por la dignidad humana.&nbsp;<\/p>\n\n\n\n<p>La diputada se\u00f1al\u00f3 que sus compa\u00f1eros de bancada, han aportado su experiencia, y agreg\u00f3 que se ha aprovechado de gran manera, los diferentes perfiles que tienen para materializar iniciativas y otros instrumentos legislativos que potencian la productividad del grupo: \u201ctrabajamos con una perspectiva de desarrollo, plural, de g\u00e9nero, de respeto a los derechos, es decir, legislamos por la dignidad humana\u201d, dijo.&nbsp;<\/p>\n\n\n\n<p>De igual forma reconoci\u00f3 que se han presentado un total de 44 iniciativas y asever\u00f3 que ante el arranque de la 65 Legislatura, no se debe bajar el ritmo de trabajo;&nbsp; adem\u00e1s se pronunci\u00f3 para que el Congreso sea el espacio donde se formulen y materialicen propuestas con beneficio colectivo.<\/p>\n","protected":false},"excerpt":{"rendered":"<p>La diputada local del Partido Revolucionario Institucional (PRI) Erika Rodr\u00edguez Hern\u00e1ndez, destac\u00f3 que tras un a\u00f1o de ejercicio legislativo se han trabajado en diversas vertientes entre las que destac\u00f3 los derechos humanos ya que asegur\u00f3 que gran parte de las necesidades de la poblaci\u00f3n tiene que ver con una legislaci\u00f3n por la dignidad humana.&nbsp; La [&hellip;]<\/p>\n","protected":false},"author":72,"featured_media":202547,"comment_status":"closed","ping_status":"closed","sticky":false,"template":"","format":"standard","meta":{"footnotes":""},"categories":[59,2159],"tags":[],"class_list":["post-202546","post","type-post","status-publish","format-standard","has-post-thumbnail","hentry","category-general","category-noticias-de-hidalgo"],"_links":{"self":[{"href":"https:\/\/plazajuarez.mx\/historico\/wp-json\/wp\/v2\/posts\/202546","targetHints":{"allow":["GET"]}}],"collection":[{"href":"https:\/\/plazajuarez.mx\/historico\/wp-json\/wp\/v2\/posts"}],"about":[{"href":"https:\/\/plazajuarez.mx\/historico\/wp-json\/wp\/v2\/types\/post"}],"author":[{"embeddable":true,"href":"https:\/\/plazajuarez.mx\/historico\/wp-json\/wp\/v2\/users\/72"}],"replies":[{"embeddable":true,"href":"https:\/\/plazajuarez.mx\/historico\/wp-json\/wp\/v2\/comments?post=202546"}],"version-history":[{"count":0,"href":"https:\/\/plazajuarez.mx\/historico\/wp-json\/wp\/v2\/posts\/202546\/revisions"}],"wp:featuredmedia":[{"embeddable":true,"href":"https:\/\/plazajuarez.mx\/historico\/wp-json\/wp\/v2\/media\/202547"}],"wp:attachment":[{"href":"https:\/\/plazajuarez.mx\/historico\/wp-json\/wp\/v2\/media?parent=202546"}],"wp:term":[{"taxonomy":"category","embeddable":true,"href":"https:\/\/plazajuarez.mx\/historico\/wp-json\/wp\/v2\/categories?post=202546"},{"taxonomy":"post_tag","embeddable":true,"href":"https:\/\/plazajuarez.mx\/historico\/wp-json\/wp\/v2\/tags?post=202546"}],"curies":[{"name":"wp","href":"https:\/\/api.w.org\/{rel}","templated":true}]}}