{"id":202480,"date":"2022-02-07T10:16:46","date_gmt":"2022-02-07T16:16:46","guid":{"rendered":"https:\/\/plazajuarez.mx\/?p=202480"},"modified":"2022-02-08T07:02:00","modified_gmt":"2022-02-08T13:02:00","slug":"alumnos-se-manifiestan-en-torres-de-rectoria","status":"publish","type":"post","link":"https:\/\/plazajuarez.mx\/historico\/alumnos-se-manifiestan-en-torres-de-rectoria\/","title":{"rendered":"Entran estudiantes a Rector\u00eda"},"content":{"rendered":"\n<p>Hegel Mart\u00ednez, Subsecretario General de la Universidad Aut\u00f3noma del Estado de Hidalgo (UAEH), sali\u00f3 a pedir que la Comisi\u00f3n de cinco estudiantes entrara, pero los estudiantes se negaron y solicitaron que la reuni\u00f3n de diera de manera abierta en las afueras de las instalaciones.<\/p>\n\n\n\n<p>Los cinco alumnos que hab\u00edan ingresado a Torres de Rector\u00eda, salieron de la Instituci\u00f3n.<\/p>\n\n\n\n<p><br>Se\u00f1alaron que el Rector dejar\u00eda pasar m\u00e1ximo 30 personas para dialogar, pero los estudiantes exigen que la pl\u00e1tica se haga afuera de la Instituci\u00f3n y como medida volvieron a cerrar las carreteras.<\/p>\n\n\n\n<p>A trav\u00e9s de redes sociales, los estudiantes invitaron a m\u00e1s compa\u00f1eros a sumarse y movilizarse.<\/p>\n\n\n\n<p>El Subsecretario, expres\u00f3 que tienen apertura y que en minutos se hablar\u00e1 con los alumnos.<\/p>\n\n\n\n<p>La &#8220;Organizaci\u00f3n de la Voz Estudiantil Garza&#8221; solicit\u00f3 en su pliego petitorio rendici\u00f3n de cuentas por a\u00f1os pagados de cuotas sin hacer uso de los planteles, mayor transparencia en los recursos, destituci\u00f3n de la sociedad de alumnos de cada instituto y atender las medidas y demandas de cada una de las carreras.<\/p>\n\n\n\n<p>Principalmente se pude el regreso a clases asegurado y una disculpa p\u00fablica para estudiantes for\u00e1neos que ya hab\u00edan realizado gastos de traslado para instalarse cerca de los instituto.<\/p>\n\n\n\n<figure class=\"wp-block-video\"><video controls src=\"https:\/\/plazajuarez.mx\/historico\/historico\/wp-content\/uploads\/2022\/02\/Alumnos-se-manifiestan-en-Torres-de-Rectoria.mp4\"><\/video><\/figure>\n\n\n\n<p>M\u00e1s tarde, alumnos denunciaron que sus compa\u00f1eros representantes que entraron a dialogar con el rector no han salido, y les contaron la comunicaci\u00f3n.<\/p>\n\n\n\n<p>Al lugar arrib\u00f3 Octavio Guti\u00e9rrez, Director General de Investigaci\u00f3n de la Secretar\u00eda de Gobierno para pedir a los estudiantes que se quite el bloqueo carretero, sin embargo afirmaron que por el momento no se quitar\u00eda. <\/p>\n","protected":false},"excerpt":{"rendered":"<p>Hegel Mart\u00ednez, Subsecretario General de la Universidad Aut\u00f3noma del Estado de Hidalgo (UAEH), sali\u00f3 a pedir que la Comisi\u00f3n de cinco estudiantes entrara, pero los estudiantes se negaron y solicitaron que la reuni\u00f3n de diera de manera abierta en las afueras de las instalaciones. Los cinco alumnos que hab\u00edan ingresado a Torres de Rector\u00eda, salieron [&hellip;]<\/p>\n","protected":false},"author":93,"featured_media":202481,"comment_status":"closed","ping_status":"closed","sticky":false,"template":"","format":"standard","meta":{"footnotes":""},"categories":[59],"tags":[],"class_list":["post-202480","post","type-post","status-publish","format-standard","has-post-thumbnail","hentry","category-general"],"_links":{"self":[{"href":"https:\/\/plazajuarez.mx\/historico\/wp-json\/wp\/v2\/posts\/202480","targetHints":{"allow":["GET"]}}],"collection":[{"href":"https:\/\/plazajuarez.mx\/historico\/wp-json\/wp\/v2\/posts"}],"about":[{"href":"https:\/\/plazajuarez.mx\/historico\/wp-json\/wp\/v2\/types\/post"}],"author":[{"embeddable":true,"href":"https:\/\/plazajuarez.mx\/historico\/wp-json\/wp\/v2\/users\/93"}],"replies":[{"embeddable":true,"href":"https:\/\/plazajuarez.mx\/historico\/wp-json\/wp\/v2\/comments?post=202480"}],"version-history":[{"count":0,"href":"https:\/\/plazajuarez.mx\/historico\/wp-json\/wp\/v2\/posts\/202480\/revisions"}],"wp:featuredmedia":[{"embeddable":true,"href":"https:\/\/plazajuarez.mx\/historico\/wp-json\/wp\/v2\/media\/202481"}],"wp:attachment":[{"href":"https:\/\/plazajuarez.mx\/historico\/wp-json\/wp\/v2\/media?parent=202480"}],"wp:term":[{"taxonomy":"category","embeddable":true,"href":"https:\/\/plazajuarez.mx\/historico\/wp-json\/wp\/v2\/categories?post=202480"},{"taxonomy":"post_tag","embeddable":true,"href":"https:\/\/plazajuarez.mx\/historico\/wp-json\/wp\/v2\/tags?post=202480"}],"curies":[{"name":"wp","href":"https:\/\/api.w.org\/{rel}","templated":true}]}}