{"id":202479,"date":"2022-02-07T10:27:15","date_gmt":"2022-02-07T16:27:15","guid":{"rendered":"https:\/\/plazajuarez.mx\/?p=202479"},"modified":"2022-02-07T10:27:27","modified_gmt":"2022-02-07T16:27:27","slug":"tina-romero-y-norma-lazareno-vuelven-al-cine-para-exorcizar","status":"publish","type":"post","link":"https:\/\/plazajuarez.mx\/historico\/tina-romero-y-norma-lazareno-vuelven-al-cine-para-exorcizar\/","title":{"rendered":"Tina Romero y Norma Lazareno vuelven al cine para exorcizar"},"content":{"rendered":"\n<p>\u00bfPor qu\u00e9 normalmente en cine los personajes masculinos son quienes exorcizan esp\u00edritus malignos, cuando las mujeres tambi\u00e9n pueden hacerlo y bien?<\/p>\n\n\n\n<p>Adri\u00e1n Garc\u00eda Bogliano (&#8220;Ah\u00ed viene el diablo&#8221; y &#8220;Juega conmigo&#8221;) demostrar\u00e1 eso en el filme &#8220;La exorcista&#8221;, en la que una joven monja reci\u00e9n llegada a un pueblo, debe recurrir a una de esas pr\u00e1cticas a una mujer embarazada, desencadenando cosas que nadie quisiera.<\/p>\n\n\n\n<p>En el proyecto est\u00e1n dos de las figuras m\u00e1s ic\u00f3nicas del cine de g\u00e9nero, Tina Romero y Norma Lazareno, quienes formaron parte de los cl\u00e1sicos &#8220;Alucarda&#8221;, &#8220;La hija de las tinieblas&#8221; y &#8220;Hasta el viento tiene miedo&#8221;, respectivamente.<\/p>\n\n\n\n<p>Y como siempre debe haber un esc\u00e9ptico, el papel lo juega ahora un m\u00e9dico interpretado por Roberto Duarte (&#8220;Blue Demon&#8221;, la serie).<\/p>\n\n\n\n<p>&#8220;Que te cuelguen y hacer que alguien te est\u00e1 ahorcando, es una experiencia divertida&#8221;, comenta el histri\u00f3n.<\/p>\n\n\n\n<p>&#8220;Al final son arquetipos narrativos, es lo que es, no podemos inventar nada sobre el g\u00e9nero. La riqueza del proyecto es que tiene un estilo peculiar, fant\u00e1stico del director, con efectos especiales&#8221;, agrega Duarte.<\/p>\n\n\n\n<p>En su momento Lazareno se mostr\u00f3 contenta por regresar al cine de g\u00e9nero que a fines de los setentas la catapult\u00f3 a actriz de culto entre los amantes del terror y horror.<\/p>\n\n\n\n<p>Duarte es, en los \u00faltimos a\u00f1os, uno de los actores m\u00e1s llamados por producciones para cine y televisi\u00f3n, actu\u00f3 en el \u201cBaile de los 51\u201d, \u201cMatando Cabos 2\u201d y \u201cUn extra\u00f1o enemigo\u201d.<\/p>\n","protected":false},"excerpt":{"rendered":"<p>\u00bfPor qu\u00e9 normalmente en cine los personajes masculinos son quienes exorcizan esp\u00edritus malignos, cuando las mujeres tambi\u00e9n pueden hacerlo y bien? Adri\u00e1n Garc\u00eda Bogliano (&#8220;Ah\u00ed viene el diablo&#8221; y &#8220;Juega conmigo&#8221;) demostrar\u00e1 eso en el filme &#8220;La exorcista&#8221;, en la que una joven monja reci\u00e9n llegada a un pueblo, debe recurrir a una de esas [&hellip;]<\/p>\n","protected":false},"author":81,"featured_media":202484,"comment_status":"closed","ping_status":"closed","sticky":false,"template":"","format":"standard","meta":{"footnotes":""},"categories":[38],"tags":[],"class_list":["post-202479","post","type-post","status-publish","format-standard","has-post-thumbnail","hentry","category-show"],"_links":{"self":[{"href":"https:\/\/plazajuarez.mx\/historico\/wp-json\/wp\/v2\/posts\/202479","targetHints":{"allow":["GET"]}}],"collection":[{"href":"https:\/\/plazajuarez.mx\/historico\/wp-json\/wp\/v2\/posts"}],"about":[{"href":"https:\/\/plazajuarez.mx\/historico\/wp-json\/wp\/v2\/types\/post"}],"author":[{"embeddable":true,"href":"https:\/\/plazajuarez.mx\/historico\/wp-json\/wp\/v2\/users\/81"}],"replies":[{"embeddable":true,"href":"https:\/\/plazajuarez.mx\/historico\/wp-json\/wp\/v2\/comments?post=202479"}],"version-history":[{"count":0,"href":"https:\/\/plazajuarez.mx\/historico\/wp-json\/wp\/v2\/posts\/202479\/revisions"}],"wp:featuredmedia":[{"embeddable":true,"href":"https:\/\/plazajuarez.mx\/historico\/wp-json\/wp\/v2\/media\/202484"}],"wp:attachment":[{"href":"https:\/\/plazajuarez.mx\/historico\/wp-json\/wp\/v2\/media?parent=202479"}],"wp:term":[{"taxonomy":"category","embeddable":true,"href":"https:\/\/plazajuarez.mx\/historico\/wp-json\/wp\/v2\/categories?post=202479"},{"taxonomy":"post_tag","embeddable":true,"href":"https:\/\/plazajuarez.mx\/historico\/wp-json\/wp\/v2\/tags?post=202479"}],"curies":[{"name":"wp","href":"https:\/\/api.w.org\/{rel}","templated":true}]}}