{"id":202478,"date":"2022-02-07T10:26:23","date_gmt":"2022-02-07T16:26:23","guid":{"rendered":"https:\/\/plazajuarez.mx\/?p=202478"},"modified":"2022-02-07T10:26:36","modified_gmt":"2022-02-07T16:26:36","slug":"calentamiento-global-erosiona-sitios-prehispanicos-de-zonas-mayas","status":"publish","type":"post","link":"https:\/\/plazajuarez.mx\/historico\/calentamiento-global-erosiona-sitios-prehispanicos-de-zonas-mayas\/","title":{"rendered":"Calentamiento global erosiona sitios prehisp\u00e1nicos de zonas mayas"},"content":{"rendered":"\n<p>El cambio clim\u00e1tico ha afecta el &#8220;color&#8221; de los muros de los monumentos arqueol\u00f3gicos del estado mexicano de Chiapas (sureste), principalmente los ubicados en las zonas mayas, advirti\u00f3 un experto de la Facultad de Ciencias de la Universidad Nacional Aut\u00f3noma de M\u00e9xico (UNAM).<\/p>\n\n\n\n<p>El aumento de las temperaturas, adem\u00e1s de lluvias err\u00e1ticas y discontinuas, ha provocado una disminuci\u00f3n en el crecimiento de algas para la coloraci\u00f3n de estas construcciones prehisp\u00e1nicas, se\u00f1al\u00f3 el acad\u00e9mico Eberto Novelo Maldonado en un comunicado distribuido este domingo por la UNAM.<\/p>\n\n\n\n<p>&#8220;Anta\u00f1o era com\u00fan encontrarlos completamente verdes o rojos, incluso negros. Ahora est\u00e1n desnudos&#8221;, asegur\u00f3 Novelo Maldonado.<\/p>\n\n\n\n<p>Explic\u00f3 que, adem\u00e1s de darles color, las especies de algas que viven en las edificaciones prehisp\u00e1nicas las protegen de la humedad.<\/p>\n\n\n\n<p>&#8220;Existe una correlaci\u00f3n entre la disminuci\u00f3n gradual del crecimiento de estas plantas y los datos clim\u00e1ticos de la regi\u00f3n&#8221;, apunt\u00f3 el experto en Ciencias.<\/p>\n","protected":false},"excerpt":{"rendered":"<p>El cambio clim\u00e1tico ha afecta el &#8220;color&#8221; de los muros de los monumentos arqueol\u00f3gicos del estado mexicano de Chiapas (sureste), principalmente los ubicados en las zonas mayas, advirti\u00f3 un experto de la Facultad de Ciencias de la Universidad Nacional Aut\u00f3noma de M\u00e9xico (UNAM). El aumento de las temperaturas, adem\u00e1s de lluvias err\u00e1ticas y discontinuas, ha [&hellip;]<\/p>\n","protected":false},"author":80,"featured_media":202483,"comment_status":"closed","ping_status":"closed","sticky":false,"template":"","format":"standard","meta":{"footnotes":""},"categories":[41],"tags":[],"class_list":["post-202478","post","type-post","status-publish","format-standard","has-post-thumbnail","hentry","category-arteria-cultural"],"_links":{"self":[{"href":"https:\/\/plazajuarez.mx\/historico\/wp-json\/wp\/v2\/posts\/202478","targetHints":{"allow":["GET"]}}],"collection":[{"href":"https:\/\/plazajuarez.mx\/historico\/wp-json\/wp\/v2\/posts"}],"about":[{"href":"https:\/\/plazajuarez.mx\/historico\/wp-json\/wp\/v2\/types\/post"}],"author":[{"embeddable":true,"href":"https:\/\/plazajuarez.mx\/historico\/wp-json\/wp\/v2\/users\/80"}],"replies":[{"embeddable":true,"href":"https:\/\/plazajuarez.mx\/historico\/wp-json\/wp\/v2\/comments?post=202478"}],"version-history":[{"count":0,"href":"https:\/\/plazajuarez.mx\/historico\/wp-json\/wp\/v2\/posts\/202478\/revisions"}],"wp:featuredmedia":[{"embeddable":true,"href":"https:\/\/plazajuarez.mx\/historico\/wp-json\/wp\/v2\/media\/202483"}],"wp:attachment":[{"href":"https:\/\/plazajuarez.mx\/historico\/wp-json\/wp\/v2\/media?parent=202478"}],"wp:term":[{"taxonomy":"category","embeddable":true,"href":"https:\/\/plazajuarez.mx\/historico\/wp-json\/wp\/v2\/categories?post=202478"},{"taxonomy":"post_tag","embeddable":true,"href":"https:\/\/plazajuarez.mx\/historico\/wp-json\/wp\/v2\/tags?post=202478"}],"curies":[{"name":"wp","href":"https:\/\/api.w.org\/{rel}","templated":true}]}}