{"id":202462,"date":"2022-02-07T09:49:29","date_gmt":"2022-02-07T15:49:29","guid":{"rendered":"https:\/\/plazajuarez.mx\/?p=202462"},"modified":"2022-02-08T07:02:20","modified_gmt":"2022-02-08T13:02:20","slug":"no-ha-iniciado-paro-estudiantil-en-la-uaeh","status":"publish","type":"post","link":"https:\/\/plazajuarez.mx\/historico\/no-ha-iniciado-paro-estudiantil-en-la-uaeh\/","title":{"rendered":"No ha iniciado paro estudiantil en la UAEH"},"content":{"rendered":"\n<p>Pese a que estudiantes de la Universidad Aut\u00f3noma del Estado de Hidalgo (UAEH) convocaron para el d\u00eda de hoy, lunes 7 de febrero a las 9:00 de la ma\u00f1ana un paro contra la Instituci\u00f3n por cancelarles el regreso a clases cuando ya varios alumnos se hab\u00edan instalado en Pachuca, dicha actividad a\u00fan no ha iniciado.<\/p>\n\n\n\n<p>El punto de encuentro ser\u00eda en ciudad del Conocimiento y de ah\u00ed partir\u00edan a Torres de Rector\u00eda, pero hasta el momento no se ha congregado el alumnado.<\/p>\n\n\n\n<p>Durante el fin de semana, el Rector de la UAEH, Adolfo Pontigo Loyola, comunic\u00f3 que probablemente y si el sem\u00e1foro epidemiol\u00f3gico lo permite, regresar\u00e1n a ala presencialidad las carreras que tengan clases pr\u00e1cticas el pr\u00f3ximo 21 de febrero.<\/p>\n","protected":false},"excerpt":{"rendered":"<p>Pese a que estudiantes de la Universidad Aut\u00f3noma del Estado de Hidalgo (UAEH) convocaron para el d\u00eda de hoy, lunes 7 de febrero a las 9:00 de la ma\u00f1ana un paro contra la Instituci\u00f3n por cancelarles el regreso a clases cuando ya varios alumnos se hab\u00edan instalado en Pachuca, dicha actividad a\u00fan no ha iniciado. [&hellip;]<\/p>\n","protected":false},"author":93,"featured_media":202464,"comment_status":"closed","ping_status":"closed","sticky":false,"template":"","format":"standard","meta":{"footnotes":""},"categories":[59],"tags":[],"class_list":["post-202462","post","type-post","status-publish","format-standard","has-post-thumbnail","hentry","category-general"],"_links":{"self":[{"href":"https:\/\/plazajuarez.mx\/historico\/wp-json\/wp\/v2\/posts\/202462","targetHints":{"allow":["GET"]}}],"collection":[{"href":"https:\/\/plazajuarez.mx\/historico\/wp-json\/wp\/v2\/posts"}],"about":[{"href":"https:\/\/plazajuarez.mx\/historico\/wp-json\/wp\/v2\/types\/post"}],"author":[{"embeddable":true,"href":"https:\/\/plazajuarez.mx\/historico\/wp-json\/wp\/v2\/users\/93"}],"replies":[{"embeddable":true,"href":"https:\/\/plazajuarez.mx\/historico\/wp-json\/wp\/v2\/comments?post=202462"}],"version-history":[{"count":0,"href":"https:\/\/plazajuarez.mx\/historico\/wp-json\/wp\/v2\/posts\/202462\/revisions"}],"wp:featuredmedia":[{"embeddable":true,"href":"https:\/\/plazajuarez.mx\/historico\/wp-json\/wp\/v2\/media\/202464"}],"wp:attachment":[{"href":"https:\/\/plazajuarez.mx\/historico\/wp-json\/wp\/v2\/media?parent=202462"}],"wp:term":[{"taxonomy":"category","embeddable":true,"href":"https:\/\/plazajuarez.mx\/historico\/wp-json\/wp\/v2\/categories?post=202462"},{"taxonomy":"post_tag","embeddable":true,"href":"https:\/\/plazajuarez.mx\/historico\/wp-json\/wp\/v2\/tags?post=202462"}],"curies":[{"name":"wp","href":"https:\/\/api.w.org\/{rel}","templated":true}]}}