{"id":20245,"date":"2016-04-25T14:30:13","date_gmt":"2016-04-25T14:30:13","guid":{"rendered":"http:\/\/plazajuarez.mx\/index\/index.php\/2016\/04\/25\/el-principe-jorge-recibe-a-los-obama-en-pijama\/"},"modified":"2016-04-25T14:30:13","modified_gmt":"2016-04-25T14:30:13","slug":"el-principe-jorge-recibe-a-los-obama-en-pijama","status":"publish","type":"post","link":"https:\/\/plazajuarez.mx\/historico\/el-principe-jorge-recibe-a-los-obama-en-pijama\/","title":{"rendered":"El Pr\u00edncipe Jorge recibe a los Obama en Pijama"},"content":{"rendered":"<p>Pijama a cuadros azules y blancos, zapatillas con dibujos de avi\u00f3n y una batita blanca anudada a la cintura. De esta manera, y con carita de susto, apareci\u00f3 el peque\u00f1o Pr\u00edncipe Jorge<\/p>\n<p>  <!--more-->  <\/p>\n<p>\u00a0<\/p>\n<p>Pijama a cuadros azules y blancos, zapatillas con dibujos de avi\u00f3n y una batita blanca anudada a la cintura. De esta manera, y con carita de susto, apareci\u00f3 el peque\u00f1o Pr\u00edncipe Jorge, hijo mayor de los Duques de Cambridge, minutos antes de que comenzara la cena que se sirvi\u00f3 en Kensington Palace en honor a Barack y Michelle Obama en la tarde del viernes.<\/p>\n<p>Las im\u00e1genes, encantadoras, muestran al peque\u00f1o dando la mano al presidente de los Estados Unidos y, despu\u00e9s, a lomos de un caballito de madera que el mandatario norteamericano y su esposa le regalaron al primog\u00e9nito de Guillermo y Catalina de Cambridge.<\/p>\n<p>Seg\u00fan fuentes del Palacio de Kensington, a la hora en las que fueron tomadas las im\u00e1genes Jorge ya deb\u00eda estar en la cama, pero sus padres hicieron una excepci\u00f3n con los horarios para que pudiera saludar a tan ilustres invitados.<\/p>\n<p>Los Obama estuvieron el viernes en Londres, invitados por la Reina Isabel II, quien el jueves 21 de abril cumpli\u00f3 90 a\u00f1os.<\/p>\n","protected":false},"excerpt":{"rendered":"<p>Pijama a cuadros azules y blancos, zapatillas con dibujos de avi\u00f3n y una batita blanca anudada a la cintura. De esta manera, y con carita de susto, apareci\u00f3 el peque\u00f1o Pr\u00edncipe Jorge<\/p>\n","protected":false},"author":93,"featured_media":0,"comment_status":"open","ping_status":"open","sticky":false,"template":"","format":"standard","meta":{"footnotes":""},"categories":[38],"tags":[],"class_list":["post-20245","post","type-post","status-publish","format-standard","hentry","category-show"],"_links":{"self":[{"href":"https:\/\/plazajuarez.mx\/historico\/wp-json\/wp\/v2\/posts\/20245","targetHints":{"allow":["GET"]}}],"collection":[{"href":"https:\/\/plazajuarez.mx\/historico\/wp-json\/wp\/v2\/posts"}],"about":[{"href":"https:\/\/plazajuarez.mx\/historico\/wp-json\/wp\/v2\/types\/post"}],"author":[{"embeddable":true,"href":"https:\/\/plazajuarez.mx\/historico\/wp-json\/wp\/v2\/users\/93"}],"replies":[{"embeddable":true,"href":"https:\/\/plazajuarez.mx\/historico\/wp-json\/wp\/v2\/comments?post=20245"}],"version-history":[{"count":0,"href":"https:\/\/plazajuarez.mx\/historico\/wp-json\/wp\/v2\/posts\/20245\/revisions"}],"wp:attachment":[{"href":"https:\/\/plazajuarez.mx\/historico\/wp-json\/wp\/v2\/media?parent=20245"}],"wp:term":[{"taxonomy":"category","embeddable":true,"href":"https:\/\/plazajuarez.mx\/historico\/wp-json\/wp\/v2\/categories?post=20245"},{"taxonomy":"post_tag","embeddable":true,"href":"https:\/\/plazajuarez.mx\/historico\/wp-json\/wp\/v2\/tags?post=20245"}],"curies":[{"name":"wp","href":"https:\/\/api.w.org\/{rel}","templated":true}]}}