{"id":20244,"date":"2016-04-25T14:29:38","date_gmt":"2016-04-25T14:29:38","guid":{"rendered":"http:\/\/plazajuarez.mx\/index\/index.php\/2016\/04\/25\/iron-man-se-une-a-spiderman\/"},"modified":"2016-04-25T14:29:38","modified_gmt":"2016-04-25T14:29:38","slug":"iron-man-se-une-a-spiderman","status":"publish","type":"post","link":"https:\/\/plazajuarez.mx\/historico\/iron-man-se-une-a-spiderman\/","title":{"rendered":"Iron Man se une a Spiderman"},"content":{"rendered":"<p>Sony y Marvel apuesta por la qu\u00edmica de ambos actores y tras el trabajo de \u00abCapit\u00e1n Am\u00e9rica: Civil War\u00bb, ambos actores aparecer\u00e1n juntos en \u00abRegreso a casa\u00bb la pr\u00f3xima entrega del ar\u00e1cnido h\u00e9roe<\/p>\n<p>  <!--more-->  <\/p>\n<p>\u00a0<\/p>\n<p>\u00a0<\/p>\n<p>El argumento que sit\u00faa a la mega estrella de Hollywood Robert Downey Jr. detr\u00e1s de la elecci\u00f3n de Tom Holland como \u00abSpiderman\u00bb, y su excelente relaci\u00f3n fuera de la pantalla, va a prolongarse en el cine.<\/p>\n<p>\u00a0<\/p>\n<p>Sony y Marvel apuesta por la qu\u00edmica de ambos actores y tras el trabajo de \u00abCapit\u00e1n Am\u00e9rica: Civil War\u00bb, ambos actores aparecer\u00e1n juntos en \u00abRegreso a casa\u00bb la pr\u00f3xima entrega del ar\u00e1cnido h\u00e9roe.<\/p>\n<p>\u00a0<\/p>\n<p>Estar\u00e1n juntos, aunque se desconoce todav\u00eda hasta qu\u00e9 punto aparecer\u00e1 Tony Stark, si solo de manera circunstancial en el universo de Spiderman, o si, por el contrario, el personaje de Iron Man ser\u00e1 esencial y cobrar\u00e1 verdadero protagonismo en la trama de la cinta.<\/p>\n<p>\u00a0<\/p>\n<p>Jon Watts dirige esta nueva aventura de Spiderman, con gui\u00f3n de John Francis Daley y Jonathan Goldstein. Kevin Feige y ex ejecutivo de Sony, Amy Pascal est\u00e1n produciendo la pel\u00edcula, que se centra en la adolescencia de Peter Parker, el hombre tras el traje rojo y azul.<\/p>\n<p>\u00a0<\/p>\n<p>Holland har\u00e1 su estreno dentro del Spiderman con un peque\u00f1o papel en \u00abCivil War\u00bb, rodaje ya concluido, que dar\u00e1 paso a este, antes de verano.<\/p>\n<p>\u00a0<\/p>\n<p>Entre los actores, la cinta contar\u00e1 con Tony Revolori y Laura Harrier, y aunque en principio se hab\u00eda seleccionado a Michael Keaton como el antagonista, algunas fuentes apuntan la posibilidad de que, finalmente, se haya desvinculado de la pel\u00edcula.<\/p>\n","protected":false},"excerpt":{"rendered":"<p>Sony y Marvel apuesta por la qu\u00edmica de ambos actores y tras el trabajo de \u00abCapit\u00e1n Am\u00e9rica: Civil War\u00bb, ambos actores aparecer\u00e1n juntos en \u00abRegreso a casa\u00bb la pr\u00f3xima entrega del ar\u00e1cnido h\u00e9roe<\/p>\n","protected":false},"author":93,"featured_media":0,"comment_status":"open","ping_status":"open","sticky":false,"template":"","format":"standard","meta":{"footnotes":""},"categories":[38],"tags":[],"class_list":["post-20244","post","type-post","status-publish","format-standard","hentry","category-show"],"_links":{"self":[{"href":"https:\/\/plazajuarez.mx\/historico\/wp-json\/wp\/v2\/posts\/20244","targetHints":{"allow":["GET"]}}],"collection":[{"href":"https:\/\/plazajuarez.mx\/historico\/wp-json\/wp\/v2\/posts"}],"about":[{"href":"https:\/\/plazajuarez.mx\/historico\/wp-json\/wp\/v2\/types\/post"}],"author":[{"embeddable":true,"href":"https:\/\/plazajuarez.mx\/historico\/wp-json\/wp\/v2\/users\/93"}],"replies":[{"embeddable":true,"href":"https:\/\/plazajuarez.mx\/historico\/wp-json\/wp\/v2\/comments?post=20244"}],"version-history":[{"count":0,"href":"https:\/\/plazajuarez.mx\/historico\/wp-json\/wp\/v2\/posts\/20244\/revisions"}],"wp:attachment":[{"href":"https:\/\/plazajuarez.mx\/historico\/wp-json\/wp\/v2\/media?parent=20244"}],"wp:term":[{"taxonomy":"category","embeddable":true,"href":"https:\/\/plazajuarez.mx\/historico\/wp-json\/wp\/v2\/categories?post=20244"},{"taxonomy":"post_tag","embeddable":true,"href":"https:\/\/plazajuarez.mx\/historico\/wp-json\/wp\/v2\/tags?post=20244"}],"curies":[{"name":"wp","href":"https:\/\/api.w.org\/{rel}","templated":true}]}}