{"id":20242,"date":"2016-04-25T14:27:55","date_gmt":"2016-04-25T14:27:55","guid":{"rendered":"http:\/\/plazajuarez.mx\/index\/index.php\/2016\/04\/25\/narcos-no-pudo-grabar-en-lugar-donde-murio-escobar\/"},"modified":"2016-04-25T14:27:55","modified_gmt":"2016-04-25T14:27:55","slug":"narcos-no-pudo-grabar-en-lugar-donde-murio-escobar","status":"publish","type":"post","link":"https:\/\/plazajuarez.mx\/historico\/narcos-no-pudo-grabar-en-lugar-donde-murio-escobar\/","title":{"rendered":"&#8220;Narcos&#8221; no pudo grabar en lugar donde muri\u00f3 Escobar"},"content":{"rendered":"<p>La serie \u201cNarcos\u201d de Netflix, que retrata la red de narcotr\u00e1fico existente en Colombia durante los a\u00f1os 80, no pudo obtener el permiso para grabar en el lugar donde Pablo Escobar muri\u00f3 hace 23 a\u00f1os.<\/p>\n<p>  <!--more-->  <\/p>\n<p>\u00a0<\/p>\n<p>Se trata de un techo en una casa de Medell\u00edn, donde el narcotraficante cay\u00f3 abatido y la producci\u00f3n quer\u00eda grabar en el lugar.<\/p>\n<p>De acuerdo con \u201cTMZ\u201d, la producci\u00f3n se acerc\u00f3 al hombre que actualmente renta la propiedad, quien neg\u00f3 el permiso y aunque el tema a\u00fan es tab\u00fa, otra persona s\u00ed permiti\u00f3 que grabaran en el techo de su casa la escena.<\/p>\n","protected":false},"excerpt":{"rendered":"<p>La serie \u201cNarcos\u201d de Netflix, que retrata la red de narcotr\u00e1fico existente en Colombia durante los a\u00f1os 80, no pudo obtener el permiso para grabar en el lugar donde Pablo Escobar muri\u00f3 hace 23 a\u00f1os.<\/p>\n","protected":false},"author":93,"featured_media":0,"comment_status":"open","ping_status":"open","sticky":false,"template":"","format":"standard","meta":{"footnotes":""},"categories":[38],"tags":[],"class_list":["post-20242","post","type-post","status-publish","format-standard","hentry","category-show"],"_links":{"self":[{"href":"https:\/\/plazajuarez.mx\/historico\/wp-json\/wp\/v2\/posts\/20242","targetHints":{"allow":["GET"]}}],"collection":[{"href":"https:\/\/plazajuarez.mx\/historico\/wp-json\/wp\/v2\/posts"}],"about":[{"href":"https:\/\/plazajuarez.mx\/historico\/wp-json\/wp\/v2\/types\/post"}],"author":[{"embeddable":true,"href":"https:\/\/plazajuarez.mx\/historico\/wp-json\/wp\/v2\/users\/93"}],"replies":[{"embeddable":true,"href":"https:\/\/plazajuarez.mx\/historico\/wp-json\/wp\/v2\/comments?post=20242"}],"version-history":[{"count":0,"href":"https:\/\/plazajuarez.mx\/historico\/wp-json\/wp\/v2\/posts\/20242\/revisions"}],"wp:attachment":[{"href":"https:\/\/plazajuarez.mx\/historico\/wp-json\/wp\/v2\/media?parent=20242"}],"wp:term":[{"taxonomy":"category","embeddable":true,"href":"https:\/\/plazajuarez.mx\/historico\/wp-json\/wp\/v2\/categories?post=20242"},{"taxonomy":"post_tag","embeddable":true,"href":"https:\/\/plazajuarez.mx\/historico\/wp-json\/wp\/v2\/tags?post=20242"}],"curies":[{"name":"wp","href":"https:\/\/api.w.org\/{rel}","templated":true}]}}