{"id":202407,"date":"2022-02-06T16:19:41","date_gmt":"2022-02-06T22:19:41","guid":{"rendered":"https:\/\/plazajuarez.mx\/?p=202407"},"modified":"2022-02-06T16:19:51","modified_gmt":"2022-02-06T22:19:51","slug":"trabajo-coordinado-y-en-unidad-para-impedir-que-a-hidalgo-llegue-el-autoritarismo-carolina-viggiano","status":"publish","type":"post","link":"https:\/\/plazajuarez.mx\/historico\/trabajo-coordinado-y-en-unidad-para-impedir-que-a-hidalgo-llegue-el-autoritarismo-carolina-viggiano\/","title":{"rendered":"Trabajo coordinado y en unidad para impedir que a Hidalgo llegue el autoritarismo: Carolina Viggiano"},"content":{"rendered":"\n<p>\u201cLas y los hidalguenses debemos trabajar unidos y coordinados para impedir que a nuestro estado llegue el autoritarismo y para dar continuidad a pol\u00edticas p\u00fablicas efectivas para que la entidad crezca generosamente y que la gente tenga los servicios que se merece porque ya es tiempo que las autoridades federales dejen de ver solo al sureste del pa\u00eds y volteen a ver a nuestros paisanos quienes tienen todo el derecho de ser incorporados al desarrollo y crecimiento del pa\u00eds&#8221;, se\u00f1al\u00f3 la precandidata del PAN a la gubernatura del estado, Carolina Viggiano Austria.<\/p>\n\n\n\n<p>En este sentido, dijo, las mujeres han sido pilar fundamental para enfrentar la dif\u00edcil situaci\u00f3n que vive M\u00e9xico porque contribuyen a sostener la econom\u00eda, trabajando para que los recursos alcancen para mantener a sus familias, aunque la canasta b\u00e1sica est\u00e9 por los cielos.<\/p>\n\n\n\n<p>Al encabezar un encuentro con militantes del Partido Acci\u00f3n Nacional (PAN) de esta localidad, Viggiano Austria, reconoci\u00f3 que las mujeres hidalguenses viven permanentemente preocupadas ante el temor de que un integrante de su familia enferme porque autom\u00e1ticamente todos estar\u00e1n condenados al endeudamiento y mayor empobrecimiento por hacer frente a los gastos por la falta de servicios m\u00e9dicos y servicios hospitalarios.<\/p>\n\n\n\n<p>En ese sentido, destac\u00f3 que el proyecto que encabeza estar\u00e1 encaminado a empoderar a las mujeres jefas de familia para que tengan oportunidades de desarrollo con acceso a cr\u00e9ditos para ayudar a emprender sus propios proyectos que les generen recursos y por tanto, independencia de sus parejas para dejar de estar sometidas, maltratadas y humilladas.<\/p>\n\n\n\n<p>Aclar\u00f3 que tambi\u00e9n ese es el esp\u00edritu que impulsa la alianza partidista, representada por partidos pol\u00edticos serios e hist\u00f3ricos que siempre han trabajado por dar respuestas a las necesidades de los ciudadanos, que dialogan y trabajan y no est\u00e1n buscando colgarse de la simpat\u00eda ajena o de conservar su registro porque por s\u00ed solos no representan ninguna opci\u00f3n viable.<\/p>\n\n\n\n<p>Finalmente, la precandidata del PAN pidi\u00f3 a sus militantes y simpatizantes continuar caminando en la misma ruta para conquistar la voluntad popular y para que las mujeres hagan historia real y tomen las riendas para hacer que Hidalgo crezca generosamente, que las familias sean m\u00e1s felices y que vivan con mejor calidad de vida.<\/p>\n","protected":false},"excerpt":{"rendered":"<p>\u201cLas y los hidalguenses debemos trabajar unidos y coordinados para impedir que a nuestro estado llegue el autoritarismo y para dar continuidad a pol\u00edticas p\u00fablicas efectivas para que la entidad crezca generosamente y que la gente tenga los servicios que se merece porque ya es tiempo que las autoridades federales dejen de ver solo al [&hellip;]<\/p>\n","protected":false},"author":93,"featured_media":202410,"comment_status":"closed","ping_status":"closed","sticky":false,"template":"","format":"standard","meta":{"footnotes":""},"categories":[15,59],"tags":[],"class_list":["post-202407","post","type-post","status-publish","format-standard","has-post-thumbnail","hentry","category-destacadas","category-general"],"_links":{"self":[{"href":"https:\/\/plazajuarez.mx\/historico\/wp-json\/wp\/v2\/posts\/202407","targetHints":{"allow":["GET"]}}],"collection":[{"href":"https:\/\/plazajuarez.mx\/historico\/wp-json\/wp\/v2\/posts"}],"about":[{"href":"https:\/\/plazajuarez.mx\/historico\/wp-json\/wp\/v2\/types\/post"}],"author":[{"embeddable":true,"href":"https:\/\/plazajuarez.mx\/historico\/wp-json\/wp\/v2\/users\/93"}],"replies":[{"embeddable":true,"href":"https:\/\/plazajuarez.mx\/historico\/wp-json\/wp\/v2\/comments?post=202407"}],"version-history":[{"count":0,"href":"https:\/\/plazajuarez.mx\/historico\/wp-json\/wp\/v2\/posts\/202407\/revisions"}],"wp:featuredmedia":[{"embeddable":true,"href":"https:\/\/plazajuarez.mx\/historico\/wp-json\/wp\/v2\/media\/202410"}],"wp:attachment":[{"href":"https:\/\/plazajuarez.mx\/historico\/wp-json\/wp\/v2\/media?parent=202407"}],"wp:term":[{"taxonomy":"category","embeddable":true,"href":"https:\/\/plazajuarez.mx\/historico\/wp-json\/wp\/v2\/categories?post=202407"},{"taxonomy":"post_tag","embeddable":true,"href":"https:\/\/plazajuarez.mx\/historico\/wp-json\/wp\/v2\/tags?post=202407"}],"curies":[{"name":"wp","href":"https:\/\/api.w.org\/{rel}","templated":true}]}}