{"id":20238,"date":"2016-04-25T14:25:10","date_gmt":"2016-04-25T14:25:10","guid":{"rendered":"http:\/\/plazajuarez.mx\/index\/index.php\/2016\/04\/25\/futbol-internacional-220\/"},"modified":"2016-04-25T14:25:10","modified_gmt":"2016-04-25T14:25:10","slug":"futbol-internacional-220","status":"publish","type":"post","link":"https:\/\/plazajuarez.mx\/historico\/futbol-internacional-220\/","title":{"rendered":"Futbol Internacional"},"content":{"rendered":"<p>#PorElT\u00edtulo<\/p>\n<p>Juventus derrota 2-1 a Fiorentina en jornada 35<\/p>\n<p>  <!--more-->  <\/p>\n<p>\u00a0<\/p>\n<p>El espa\u00f1ol, \u00c1lvaro Morata le dio el triunfo este domingo a la Juventus de 2-1 sobre la Fiorentina, al anotar el tanto decisivo en el 83, pocos minutos despu\u00e9s de saltar al campo, y dej\u00f3 el quinto &#8220;Scudetto&#8221; consecutivo juventino a un paso.<\/p>\n<p> Ahora, los blanquinegros turineses podr\u00e1n celebrarlo matem\u00e1ticamente este lunes si el N\u00e1poles no gana en su visita a la Roma.<\/p>\n<p> De momento, el cuadro turin\u00e9s cuenta con doce puntos de ventaja sobre el segundo, el N\u00e1poles, pero no es matem\u00e1ticamente campe\u00f3n ya que perdi\u00f3 1-2 en el San Paolo y venci\u00f3 1-0 en casa, por lo que necesita otro punto para celebrar el t\u00edtulo.<\/p>\n<p> El duelo empez\u00f3 con buen ritmo y la Fiorentina, que control\u00f3 m\u00e1s la posesi\u00f3n del bal\u00f3n, protest\u00f3 por un gol anulado por un milim\u00e9trico fuera de juego a Federico Bernardeschi, y roz\u00f3 el gol poco despu\u00e9s con el espa\u00f1ol Marcos Alonso, cuyo cabezazo termin\u00f3 fuera por poco.<\/p>\n<p> Tras unos momentos de apuros, la Juventus logr\u00f3 adelantarse gracias a un gran gol del ex delantero del Atl\u00e9tico Madrid, Mario Mandzukic, que marc\u00f3 con una perfecta volea tras una asistencia del franc\u00e9s Paul Pogba en el minuto 39. Se trata de la novena diana en Serie A del croata.<\/p>\n<p> En la reanudaci\u00f3n, la Juventus desaprovech\u00f3 una buena ocasi\u00f3n con Pogba. Despu\u00e9s, fue castigado por el croata Nikola Kalinic en el minuto 81, que bati\u00f3 al arquero Gianluigi Buffon, tras un grave error de Leonardo Bonucci.<\/p>\n<p> Sin embargo, los blanquinegros lograron reorganizarse inmediatamente y volvieron a adelantarse gracias al espa\u00f1ol \u00c1lvaro Morata en el 83, que hab\u00eda entrado al campo poco antes y fue el m\u00e1s r\u00e1pido en llegar en un rechace defensivo para firmar el 1-2.<\/p>\n<p> Los \u00faltimos minutos fueron muy intensos. La Fiorentina lo dio todo en busca de una nueva igualada: Kalinic fall\u00f3 un penalti en el minuto 90, y mand\u00f3 de cabeza un bal\u00f3n al larguero a pocos metros de la porter\u00eda, desperdiciando la \u00faltima oportunidad del duelo.<\/p>\n<p> Al final del encuentro, los blanquinegros pudieron celebrar una victoria que sabe a t\u00edtulo, ya que deja el quinto &#8220;Scudetto&#8221; consecutivo a un punto de distancia. De esta manera el marcador qued\u00f3 2-1 en favor de la Juventus.<\/p>\n<p><strong>\u00a0<strong>***************************************************************<\/strong><\/strong><\/p>\n<p>#FutInternacional<\/p>\n<p>Benfica vence a Rio Ave con gol de Ra\u00fal<\/p>\n<ul>\n<li>Con este triunfo mantiene el liderato de la Primera Liga al vencerlos en casa gracias al gol en el minuto 27 del mexicano Ra\u00fal Jim\u00e9nez<\/li>\n<\/ul>\n<p>Un gol del mexicano Ra\u00fal Jim\u00e9nez en el minuto 73 desatasc\u00f3 un partido complicado para el Benfica y le dio la victoria (0-1) a las &#8220;\u00c1guilas&#8221; en casa del Rio Ave, resultado que les devolvi\u00f3 el liderato que ten\u00eda provisionalmente el Sporting.<\/p>\n<p>En la trig\u00e9simo primera jornada de la Liga lusa, con apenas tres partidos por delante, el Benfica lidera con dos puntos sobre el Sporting de Lisboa, que venci\u00f3 el s\u00e1bado al Uni\u00e3o da Madeira (2-0) con goles del colombiano Teo Guti\u00e9rrez y el portugu\u00e9s Jo\u00e3o M\u00e1rio.<\/p>\n<p>Los &#8220;leones&#8221; enfrentan la semana que viene un partido complicado ante el Oporto, que es tercero y est\u00e1 a doce puntos de la cabeza tras vencer al Acad\u00e9mica (1-2) con tantos del portugu\u00e9s R\u00faben Neves y el argelino Yacine Brahimi, por lo que qued\u00f3 matem\u00e1ticamente fuera de la lucha por el t\u00edtulo.<\/p>\n<p>Consciente de que era fundamental recuperar el liderato, Rui Vit\u00f3ria aline\u00f3 en la delantera al m\u00e1ximo goleador del campeonato, el brasile\u00f1o Jon\u00e1s, y al griego Mitroglou, y dej\u00f3 espacio en el once inicial para el joven Renato Sanches, una de las sensaciones de esta temporada.<\/p>\n<p>Sin embargo, fue Ra\u00fal Jim\u00e9nez, que empez\u00f3 en el banquillo, quien acab\u00f3 solucionando un partido en el que a las &#8220;\u00c1guilas&#8221; les cost\u00f3 coger el ritmo, con una primera parte poco inspirada y un segundo tiempo en el que se palp\u00f3 la desesperaci\u00f3n del conjunto encarnado al no conseguir hacer gol.<\/p>\n<p>Jim\u00e9nez, que entr\u00f3 de cambio en el minuto 67, marc\u00f3 el \u00fanico gol del encuentro seis minutos despu\u00e9s con un remate de cabeza tras un mal despeje de la defensa rival.<\/p>\n<p>Con la derrota, el Rio Ave -que acab\u00f3 el partido con 10 debido a una expulsi\u00f3n en los \u00faltimos<\/p>\n<p>\u00a0<strong>***************************************************************<\/strong><\/p>\n<p>#DosSantos<\/p>\n<p>Villarreal debe conformarse con empate sin goles<\/p>\n<p>Villarreal y Real Sociedad empataron a cero en el Madrigal, en un partido en el que los de Marcelino dejaron escapar una buena oportunidad de asegurar matem\u00e1ticamente la cuarta plaza. Con el Submarino Amarillo, el volante mexicano Jonathan dos Santos inici\u00f3 el cotejo en el banco de suplentes. Sali\u00f3 del mismo al 58&#8242;, para sustituir a Tom\u00e1s Pina y vio el cart\u00f3n amarillo al minuto 71.<\/p>\n<p> En la entidad donostiarra, Carlos Vela y Diego Reyes fueron titulares y tuvieron destinos dispares, posteriormente: Vela fue amonestado al minuto 50, con lo que sum\u00f3 su quinto cart\u00f3n y se perder\u00e1 el partido ante el Real Madrid, y dej\u00f3 el campo al 89&#8242;; Reyes fue sustituido al minuto 82 por Xabi Prieto.<\/p>\n<p> Ambos equipos jugaron una primera parte muy igualada, en la que se repartieron el control y las oportunidades. Fueron los visitantes los que empezaron controlando el bal\u00f3n y con ello el juego, superando la presi\u00f3n inicial de los locales con el control de pelota.<\/p>\n<p> La Real domin\u00f3 el primer cuarto de hora. Luego, el Villarreal ajust\u00f3 l\u00edneas, logr\u00f3 equilibrar el partido y empez\u00f3 a generar peligro. Los minutos finales fueron de nervios y de ansiedad para el Villarreal, que se volc\u00f3 buscando un gol salvador. Un gol que no lleg\u00f3 y que dej\u00f3 las cosas con un empate a cero.<\/p>\n<p>\u00a0<\/p>\n","protected":false},"excerpt":{"rendered":"<p>#PorElT\u00edtulo Juventus derrota 2-1 a Fiorentina en jornada 35<\/p>\n","protected":false},"author":93,"featured_media":0,"comment_status":"open","ping_status":"open","sticky":false,"template":"","format":"standard","meta":{"footnotes":""},"categories":[39],"tags":[],"class_list":["post-20238","post","type-post","status-publish","format-standard","hentry","category-deportiva"],"_links":{"self":[{"href":"https:\/\/plazajuarez.mx\/historico\/wp-json\/wp\/v2\/posts\/20238","targetHints":{"allow":["GET"]}}],"collection":[{"href":"https:\/\/plazajuarez.mx\/historico\/wp-json\/wp\/v2\/posts"}],"about":[{"href":"https:\/\/plazajuarez.mx\/historico\/wp-json\/wp\/v2\/types\/post"}],"author":[{"embeddable":true,"href":"https:\/\/plazajuarez.mx\/historico\/wp-json\/wp\/v2\/users\/93"}],"replies":[{"embeddable":true,"href":"https:\/\/plazajuarez.mx\/historico\/wp-json\/wp\/v2\/comments?post=20238"}],"version-history":[{"count":0,"href":"https:\/\/plazajuarez.mx\/historico\/wp-json\/wp\/v2\/posts\/20238\/revisions"}],"wp:attachment":[{"href":"https:\/\/plazajuarez.mx\/historico\/wp-json\/wp\/v2\/media?parent=20238"}],"wp:term":[{"taxonomy":"category","embeddable":true,"href":"https:\/\/plazajuarez.mx\/historico\/wp-json\/wp\/v2\/categories?post=20238"},{"taxonomy":"post_tag","embeddable":true,"href":"https:\/\/plazajuarez.mx\/historico\/wp-json\/wp\/v2\/tags?post=20238"}],"curies":[{"name":"wp","href":"https:\/\/api.w.org\/{rel}","templated":true}]}}