{"id":20237,"date":"2016-04-25T14:24:58","date_gmt":"2016-04-25T14:24:58","guid":{"rendered":"http:\/\/plazajuarez.mx\/index\/index.php\/2016\/04\/25\/mision-de-khan-derrotar-al-canelo\/"},"modified":"2016-04-25T14:24:58","modified_gmt":"2016-04-25T14:24:58","slug":"mision-de-khan-derrotar-al-canelo","status":"publish","type":"post","link":"https:\/\/plazajuarez.mx\/historico\/mision-de-khan-derrotar-al-canelo\/","title":{"rendered":"Misi\u00f3n de Khan: derrotar al Canelo"},"content":{"rendered":"<p><strong>#Boxeo<\/strong><\/p>\n<ul>\n<li>El tema del peso ha estado ligado a la pelea del mexicano Sa\u00fal \u2018Canelo\u2019 \u00c1lvarez y el ingl\u00e9s Amir Khan desde que se confirm\u00f3 el duelo a inicios de este a\u00f1o <!--more--> <\/li>\n<\/ul>\n<p>Muchos creen que debido a ello las posibilidades de triunfo del medallista ol\u00edmpico en Atenas 2004 ante el mexicano son nulas. Otros creen que la velocidad y la inteligencia de Khan apartar\u00e1n del camino el tema del tonelaje y elevar\u00e1n sus bonos ante el mexicano.<\/p>\n<p>En el campamento de Sa\u00fal, liderado por Jos\u00e9 y Eddy Reynoso, se han borrado de la mente el hecho de que al subir m\u00e1s pesado tendr\u00e1 m\u00e1s posibilidades de ganar. Pero en el campo de Khan, encabezado por Virgil Hunter, la historia es diferente y tienen razones, de peso, para pensar en que han tomado la decisi\u00f3n correcta.<\/p>\n<p>El boxeador brit\u00e1nico basa su estrategia para derrotar al Canelo en su tonelaje para el d\u00eda de la pelea, el 7 de mayo.<\/p>\n<p>\u201cAhorita Amir anda en 164 o 162 libras, es algo normal, como todos o la mayor\u00eda de los boxeadores no quiere bajar de peso con tanto tiempo, mientras se tiene que mantener con nutrientes ideales, pese a que est\u00e1 de siete a nueve libras arriba no va a tener problemas para dar el peso, siempre es bueno estar incluso hasta 10 libras arriba a dos semanas del pesaje\u201d, explic\u00f3 Garc\u00eda.<\/p>\n<p>En el entrenamiento p\u00fablico que ofreci\u00f3 Khan en la semana, se le vio un poco pasado de peso o sin esa figura tan atl\u00e9tica que regularmente presenta faltando 15 d\u00edas para un combate, pero eso no indica que est\u00e9 mal preparado.<\/p>\n<p>\u201cYo no soy el encargado de llevar su dieta, pero debe estar comiendo entre 4,500 o 5,000 calor\u00edas diarias, dependiendo de los d\u00edas y el trabajo\u201d, comparti\u00f3 el preparador mexicano. \u201cPero es necesario que sepan que en una rutina de ejercicio en la pista puede quemar desde 800 hasta 1,000 calor\u00edas, estamos hablando de 45 a 50 minutos de trabajo\u201d, explic\u00f3.<\/p>\n<p>El pr\u00f3ximo 7 de mayo se abre el plazo para que el tapat\u00edo pacte un combate frente al kazajo Gennady Golovkin.<\/p>\n<p><strong>Dato: Pr\u00f3ximo 7 de mayo combate Canelo frente al kazajo <\/strong><\/p>\n","protected":false},"excerpt":{"rendered":"<p>#Boxeo El tema del peso ha estado ligado a la pelea del mexicano Sa\u00fal \u2018Canelo\u2019 \u00c1lvarez y el ingl\u00e9s Amir Khan desde que se confirm\u00f3 el duelo a inicios de este a\u00f1o<\/p>\n","protected":false},"author":93,"featured_media":0,"comment_status":"open","ping_status":"open","sticky":false,"template":"","format":"standard","meta":{"footnotes":""},"categories":[39],"tags":[],"class_list":["post-20237","post","type-post","status-publish","format-standard","hentry","category-deportiva"],"_links":{"self":[{"href":"https:\/\/plazajuarez.mx\/historico\/wp-json\/wp\/v2\/posts\/20237","targetHints":{"allow":["GET"]}}],"collection":[{"href":"https:\/\/plazajuarez.mx\/historico\/wp-json\/wp\/v2\/posts"}],"about":[{"href":"https:\/\/plazajuarez.mx\/historico\/wp-json\/wp\/v2\/types\/post"}],"author":[{"embeddable":true,"href":"https:\/\/plazajuarez.mx\/historico\/wp-json\/wp\/v2\/users\/93"}],"replies":[{"embeddable":true,"href":"https:\/\/plazajuarez.mx\/historico\/wp-json\/wp\/v2\/comments?post=20237"}],"version-history":[{"count":0,"href":"https:\/\/plazajuarez.mx\/historico\/wp-json\/wp\/v2\/posts\/20237\/revisions"}],"wp:attachment":[{"href":"https:\/\/plazajuarez.mx\/historico\/wp-json\/wp\/v2\/media?parent=20237"}],"wp:term":[{"taxonomy":"category","embeddable":true,"href":"https:\/\/plazajuarez.mx\/historico\/wp-json\/wp\/v2\/categories?post=20237"},{"taxonomy":"post_tag","embeddable":true,"href":"https:\/\/plazajuarez.mx\/historico\/wp-json\/wp\/v2\/tags?post=20237"}],"curies":[{"name":"wp","href":"https:\/\/api.w.org\/{rel}","templated":true}]}}