{"id":20236,"date":"2016-04-25T14:24:45","date_gmt":"2016-04-25T14:24:45","guid":{"rendered":"http:\/\/plazajuarez.mx\/index\/index.php\/2016\/04\/25\/de-sitio-y-bravura\/"},"modified":"2016-04-25T14:24:45","modified_gmt":"2016-04-25T14:24:45","slug":"de-sitio-y-bravura","status":"publish","type":"post","link":"https:\/\/plazajuarez.mx\/historico\/de-sitio-y-bravura\/","title":{"rendered":"DE SITIO Y BRAVURA"},"content":{"rendered":"<p>#ENTRE EL CALLEJ\u00d3N Y EL TENDIDO <\/p>\n<p>\u2219\u00a0\u00a0\u00a0\u00a0\u00a0\u00a0\u00a0\u00a0\u00a0Joselito Adame reafirmando su sitio en M\u00e9xico enfrentando a los mejores de Espa\u00f1a.<\/p>\n<p>\u2219\u00a0\u00a0\u00a0\u00a0\u00a0\u00a0\u00a0\u00a0\u00a0\u00bfQu\u00e9 est\u00e1 pasando en el campo bravo?\u00a0\u00a0\u00a0\u00a0<\/p>\n<p>  <!--more-->  <\/p>\n<p>\u00a0<\/p>\n<p>Estimados Amigos con el placer de saludarlos desde este espacio de Plaza Ju\u00e1rez. Cuando est\u00e9 Usted leyendo estas l\u00edneas, Jos\u00e9 Guadalupe Adame Montoya, \u201cJoselito Adame\u201d, indudablemente despu\u00e9s de haber triunfado en la Vicente Segura, estar\u00e1 en espera de que den las seis de la tarde para partir plaza en la Monumental de Aguascalientes, en el d\u00eda grande la Feria Nacional de San Marcos, al lado de Juli\u00e1n L\u00f3pez Escobar \u201cEl Juli\u201d, en un mano a mano obligado por diversas razones.<\/p>\n<p>Los dos toreros est\u00e1n comprometidos a defender su sitio de figuras del toreo, \u201cEl Juli\u201d adem\u00e1s el de mand\u00f3n de la Fiesta Brava Ib\u00e9rica, ambos toreros comparecen en Aguascalientes despu\u00e9s de haber resultado heridos recientemente, Juli\u00e1n de hecho aun con la herida sin cerrar despu\u00e9s de la cornada que sufri\u00f3 en Sevilla el pasado d\u00eda 15 de Abril, aun cuando las circunstancias para los diestros son distintas.<\/p>\n<p>Veamos, \u201cEl Juli\u201d viene a la Feria de San Marcos a la fecha m\u00e1s importante del serial, el d\u00eda del Santo Patrono, alternando con la primera figura del toreo azteca y lidiando un encierro de \u201cLos Encinos\u201d de Don Eduardo Mart\u00ednez Urquidi, ganader\u00eda predilecta de los toreros hispanos, sobre todo despu\u00e9s del reciente indulto de dos ejemplares de esa vacada en Guadalajara. A consecuencia de la cornada que le infiri\u00f3 un toro de N\u00fa\u00f1ez del Cuvillo \u201cJuli\u201d estuvo a un tris de no venir a Aguascalientes, sin embargo, finalmente decidi\u00f3 hacer el viaje a la Tierra de la Gente Buena, para cumplir el compromiso, faltaba m\u00e1s, y no dejar de confrontarse con el torero de hidroc\u00e1lido, que en la Monumental Plaza M\u00e9xico, se le fue por delante con un triunfo importante en la reciente temporada grande del embudo capitalino.<\/p>\n<p>Por su parte Joselito debi\u00f3 reaparecer el pasado 6 de abril en la Maestranza de Sevilla, despu\u00e9s de una cornada grande, aunque limpia que le propin\u00f3 un toro de Zalduendo en Valencia, alternando con dos matadores de medio escalaf\u00f3n y un lote de la dehesa de \u201cLas Ramblas\u201d, que no es por mucho tan potable como los toros de Don Eduardo Mart\u00ednez Urquidi que habr\u00e1 de estoquear esta tarde en compa\u00f1\u00eda de \u201cJuli\u201d Aguascalientes, y ante los cuales tuvo una brillante actuaci\u00f3n, sobre todo en el segundo de su lote al que no logr\u00f3 desorejar por fallas a la hora de matar.<\/p>\n<p>No obstante la falta de ap\u00e9ndices en su actuaci\u00f3n del d\u00eda 6 de abril, la prensa espa\u00f1ola, como ya lo comentamos en una entrega anterior, se volc\u00f3 en elogios para el torero mexicano, destacando el inicio de la faena del torero hidroc\u00e1lido,<\/p>\n<p>con siete estatuarios al sexto de la tarde, seguido por una faena primordialmente derechista y tres dibujados naturales que le han valido el reconocimiento de la cr\u00edtica hispana salvo \u201cEl Pa\u00eds\u201d en cuyas p\u00e1ginas se trat\u00f3 de minimizar la labor del mexicano que desde siempre ha tenido que bregar cuesta arriba en suelo peninsular.<\/p>\n<p>Por ello, por esa actuaci\u00f3n en Sevilla, Juli\u00e1n L\u00f3pez no pod\u00eda faltar a la cita de esta tarde en el ruedo aguascalentense, trae, sin duda, una espina clavada, rla del mano a mano en la Ciudad de M\u00e9xico, tarde en la que \u201cEl Juli\u201d fue despojado de por lo menos una oreja por el juez de plaza Gilberto Ruiz Torres, lo que para quien manda en la fiesta brava es un agravio serio.<\/p>\n<p>Pero adem\u00e1s de la confrontaci\u00f3n de Joselito Adame con \u201cEl Juli\u201d, hay otros toreros ante los que debe defender su sitio y val\u00eda de figura, ya no digamos los consagrados, sino los j\u00f3venes que vienen empujando fuerte allende el Atl\u00e1ntico, ah\u00ed est\u00e1n Andr\u00e9s Roca Rey, Alberto L\u00f3pez Sim\u00f3n y Jos\u00e9 Garrido, a quienes las empresas ib\u00e9ricas est\u00e1n llevando muy \u201carropados\u201d en comparaci\u00f3n al trato que se le dispensa a Joselito.<\/p>\n<p>En tanto en M\u00e9xico seguimos dando trato VIP a los coletas for\u00e1neos habiendo una \u201cpila\u201d de valiosos lidiadores mexicanos que deben conformarse con carteles de un solo astado para poder vestirse de luces, y que conste no tratamos de machacar lo de siempre, es solo que se impone no olvidar a los olvidados de las empresas.<\/p>\n<p>Cambiando de tema, es preocupante lo que viene ocurriendo en el campo bravo mexicano, citaremos en principio la triste presentaci\u00f3n del encierro enviado por el matador en retiro Javier Bernaldo de Quiroz para la primer corrida del Serial Sanmarque\u00f1o, toros que dejaron mucho que desear en su presencia, muy justos en cuanto trap\u00edo, manifestando falta de edad, pero sobre todo en su desempe\u00f1o, astados mansurrones y de ah\u00ed faltos de calidad, agr\u00e9guele a eso falta de fuerza, que impidieron el triunfo de Diego Urdiales, Arturo Mac\u00edas y Ferm\u00edn Espinosa.<\/p>\n<p>Para la segunda fecha de la Feria hidroc\u00e1lida se corri\u00f3 un encierro de San Miguel de Mimiahuapan, el que result\u00f3 complicado, si bien los astados tuvieron mejor presencia que los de Bernaldo de Quiroz dejaron mucho que desear en su comportamiento, faltos de calidad, desarrollando sentido, nada que ver con la bravura y buen estilo de los toros de Mimiahuapan de otros tiempos.<\/p>\n<p>Ser\u00e1 que en tanto refresco de sangre, importando sementales espa\u00f1oles no les ha ligado a los criadores mexicanos, aun cuando existe evidencia, como la de Los Encinos de que la importaci\u00f3n de sangre hispana ha mejorado sus hatos; de igual manera ah\u00ed est\u00e1n las dehesas del encaste Barroso, procedencia de San Miguel de Mimiahuapan, entre las que destacan Jaral de Pe\u00f1as, Arroyo Zarco y Torre\u00f3n de Ca\u00f1as, con magn\u00edficos ejemplares que permiten el toreo moderno de muchos pases y mucho temple.<\/p>\n<p>Por ah\u00ed nos vemos ENTRE EL CALLEJ\u00d3N Y EL TENDIDO si Dios lo permite.<\/p>\n<p>\u00a0<\/p>\n","protected":false},"excerpt":{"rendered":"<p>#ENTRE EL CALLEJ\u00d3N Y EL TENDIDO \u2219\u00a0\u00a0\u00a0\u00a0\u00a0\u00a0\u00a0\u00a0\u00a0Joselito Adame reafirmando su sitio en M\u00e9xico enfrentando a los mejores de Espa\u00f1a. \u2219\u00a0\u00a0\u00a0\u00a0\u00a0\u00a0\u00a0\u00a0\u00a0\u00bfQu\u00e9 est\u00e1 pasando en el campo bravo?\u00a0\u00a0\u00a0\u00a0<\/p>\n","protected":false},"author":93,"featured_media":0,"comment_status":"open","ping_status":"open","sticky":false,"template":"","format":"standard","meta":{"footnotes":""},"categories":[39],"tags":[],"class_list":["post-20236","post","type-post","status-publish","format-standard","hentry","category-deportiva"],"_links":{"self":[{"href":"https:\/\/plazajuarez.mx\/historico\/wp-json\/wp\/v2\/posts\/20236","targetHints":{"allow":["GET"]}}],"collection":[{"href":"https:\/\/plazajuarez.mx\/historico\/wp-json\/wp\/v2\/posts"}],"about":[{"href":"https:\/\/plazajuarez.mx\/historico\/wp-json\/wp\/v2\/types\/post"}],"author":[{"embeddable":true,"href":"https:\/\/plazajuarez.mx\/historico\/wp-json\/wp\/v2\/users\/93"}],"replies":[{"embeddable":true,"href":"https:\/\/plazajuarez.mx\/historico\/wp-json\/wp\/v2\/comments?post=20236"}],"version-history":[{"count":0,"href":"https:\/\/plazajuarez.mx\/historico\/wp-json\/wp\/v2\/posts\/20236\/revisions"}],"wp:attachment":[{"href":"https:\/\/plazajuarez.mx\/historico\/wp-json\/wp\/v2\/media?parent=20236"}],"wp:term":[{"taxonomy":"category","embeddable":true,"href":"https:\/\/plazajuarez.mx\/historico\/wp-json\/wp\/v2\/categories?post=20236"},{"taxonomy":"post_tag","embeddable":true,"href":"https:\/\/plazajuarez.mx\/historico\/wp-json\/wp\/v2\/tags?post=20236"}],"curies":[{"name":"wp","href":"https:\/\/api.w.org\/{rel}","templated":true}]}}