{"id":2022,"date":"2015-03-10T06:00:00","date_gmt":"2015-03-10T06:00:00","guid":{"rendered":"http:\/\/plazajuarez.mx\/index\/index.php\/2015\/03\/10\/deportes-internacional-21\/"},"modified":"2015-03-10T06:00:00","modified_gmt":"2015-03-10T06:00:00","slug":"deportes-internacional-21","status":"publish","type":"post","link":"https:\/\/plazajuarez.mx\/historico\/deportes-internacional-21\/","title":{"rendered":"Deportes Internacional"},"content":{"rendered":"<p>TENIS<br \/>Nadal estar\u00e1 en Torneo Conde<\/p>\n<p>  <!--more-->  <\/p>\n<p>La 63ra edici\u00f3n del Trofeo Conde de God\u00f3 contar\u00e1 finalmente con cinco jugadores entre los diez primeros del r\u00e1nking ATP, una lista que encabeza el espa\u00f1ol Rafael Nadal, ocho veces Campe\u00f3n del torneo y que intentar\u00e1 reconquistar el t\u00edtulo.<\/p>\n<p>Nishikori, n\u00famero 5 del mundo, defender\u00e1 su condici\u00f3n de Campe\u00f3n en un cuadro en el que tambi\u00e9n estar\u00e1n el canadiense de origen montenegrino Milos Raonic (6), el espa\u00f1ol David Ferrer (8), cuatro veces finalista en Barcelona, y el vigente campe\u00f3n del Abierto de Estados Unidos, el croata Marin Cilic (10).<\/p>\n<p>El torneo, que se disputar\u00e1 del 20 al 26 de abril en las instalaciones del RCT Barcelona, fue presentado en el Sal\u00f3 de Cent del ayuntamiento de la capital catalana, en un acto que fue presidido por el alcalde de la ciudad, Xavier Trias.<\/p>\n<p>&#8220;El God\u00f3 da solera a Barcelona y la proyecta como capital deportiva. Adem\u00e1s, no es un evento solo deportivo sino social de primer orden, porque quien no va al God\u00f3 casi no existe en esta ciudad&#8221;, afirm\u00f3 Trias.<\/p>\n<p>El director deportivo del God\u00f3, Albert Costa, se mostr\u00f3 orgulloso del nivel que tendr\u00e1, un a\u00f1o m\u00e1s, el torneo, pues adem\u00e1s de estos cinco &#8216;Top-Ten&#8217;, contar\u00e1 con otros cinco jugadores entre los veinte mejores del mundo.<\/p>\n<p>El espa\u00f1ol Feliciano L\u00f3pez (12), que acudir\u00e1 a la cita con el mejor ranking de su carrera, el franc\u00e9s Jo Wilfried Tsonga (13), el let\u00f3n Ernests Gulbis (15) y los tambi\u00e9n espa\u00f1oles Roberto Bautista (16) y Tommy Robredo (22).<\/p>\n<p>El italiano Fabio Fognini, los argentinos Pablo Cuevas y Leonardo Mayer, el franc\u00e9s Richard Gasquet, el alem\u00e1n Philipp Kohlschreiber y el espa\u00f1ol Fernando Verdasco completan, salvo bajas de \u00faltima hora, los diecis\u00e9is cabezas de serie.<br \/>***<\/p>\n<p>Wozniacki escala en clasificaci\u00f3n de WTA<\/p>\n<p>La danesa Caroline Wozniacki se consolid\u00f3 ayer\u00a0 en la quinta plaza de la Clasificaci\u00f3n Mundial de la WTA con su victoria en el torneo de Kuala Lumpur, que le permiti\u00f3 abrir un poco m\u00e1s la brecha con quien la persigue, la serbia Ana Ivanovic.<\/p>\n<p>Por delante de Wozniacki todo sigue igual con Serena Williams, Maria Sharapova y Simona Halep en la parte m\u00e1s alta del ranking.<\/p>\n<p>La suiza Timea Bacsinszky est\u00e1 enrachada y tras vencer la semana anterior en el torneo de Acapulco (M\u00e9xico), se adjudic\u00f3 el de Monterrey, tambi\u00e9n en M\u00e9xico, lo que le permite dar un nuevo salto en la clasificaci\u00f3n y ser ya la vig\u00e9sima sexta.<\/p>\n<p>La espa\u00f1ola Carla Su\u00e1rez se mantiene en la decimotercera plaza, a la espera de poder asaltar las posiciones de privilegio. <\/p>\n<p>CLASIFICACI\u00d3N ACTUAL EN LA WTA<\/p>\n<p>1.- Serena Williams (USA) 9.592 puntos<\/p>\n<p>2.- Maria Sharapova (RUS) 8.215<\/p>\n<p>3.- Simona Halep (RUM) 6.571<\/p>\n<p>4.- Petra Kvitova (CZE) 6.395<\/p>\n<p>5.- Caroline Wozniacki (DIN) 4.825<br \/>***<\/p>\n<p>AUTOMOVILISMO<br \/>Hamilton quiere ser el rey en F1 2015<\/p>\n<p>El brit\u00e1nico Lewis Hamilton dijo sentirse fresco, en forma, relajado y preparado para afrontar entre el 13 y el 15 de marzo en Melbourne (Australia) la primera cita del Campeonato del Mundo de F1 con la intenci\u00f3n de ser mejor que el a\u00f1o pasado, cuando se proclam\u00f3 campe\u00f3n.<\/p>\n<p>&#8220;Me siento fresco, en forma, relajado, positivo&#8230; Me siento preparado. Creo que como piloto cada temporada eres m\u00e1s fuerte y yo tengo la intenci\u00f3n de ser mejor que el a\u00f1o pasado&#8221;, indic\u00f3 el piloto de Mercedes, dos veces Campe\u00f3n del Mundo de F\u00f3rmula Uno.<\/p>\n<p>Tras un Mundial brillante, en el que Mercedes se llev\u00f3 adem\u00e1s el t\u00edtulo de constructores, Hamilton mostr\u00f3 su deseo de repetirlo aunque advirti\u00f3: &#8220;Los otros no van a dejar de perseguirnos&#8221;.<\/p>\n<p>&#8220;Estoy seguro de que el campeonato estar\u00e1 muy igualado y de que habr\u00e1 una emocionante lucha por cada posici\u00f3n. Eso ser\u00e1 fant\u00e1stico porque es lo que me gusta y tambi\u00e9n es lo que los seguidores quieren ver. Hay muchos buenos pilotos y todos quieren ganar, as\u00ed que t\u00fa tienes que desearlo m\u00e1s que ellos&#8221;, abund\u00f3.<\/p>\n<p>Uno de sus grandes rivales por el t\u00edtulo ser\u00e1, presumiblemente, Nico Rosberg, su compa\u00f1ero de equipo.<\/p>\n<p>&#8220;Conozco lo que se siente cuando no ganas y no tengo intenci\u00f3n de volver a vivir esa experiencia&#8221;, asegur\u00f3 el alem\u00e1n.<\/p>\n<p>El piloto nacido en Wiesbaden, decidido a ser el mejor esta temporada, expres\u00f3 su voluntad de ganar muchas m\u00e1s carreras.<\/p>\n","protected":false},"excerpt":{"rendered":"<p>TENISNadal estar\u00e1 en Torneo Conde<\/p>\n","protected":false},"author":93,"featured_media":0,"comment_status":"open","ping_status":"open","sticky":false,"template":"","format":"standard","meta":{"footnotes":""},"categories":[39],"tags":[],"class_list":["post-2022","post","type-post","status-publish","format-standard","hentry","category-deportiva"],"_links":{"self":[{"href":"https:\/\/plazajuarez.mx\/historico\/wp-json\/wp\/v2\/posts\/2022","targetHints":{"allow":["GET"]}}],"collection":[{"href":"https:\/\/plazajuarez.mx\/historico\/wp-json\/wp\/v2\/posts"}],"about":[{"href":"https:\/\/plazajuarez.mx\/historico\/wp-json\/wp\/v2\/types\/post"}],"author":[{"embeddable":true,"href":"https:\/\/plazajuarez.mx\/historico\/wp-json\/wp\/v2\/users\/93"}],"replies":[{"embeddable":true,"href":"https:\/\/plazajuarez.mx\/historico\/wp-json\/wp\/v2\/comments?post=2022"}],"version-history":[{"count":0,"href":"https:\/\/plazajuarez.mx\/historico\/wp-json\/wp\/v2\/posts\/2022\/revisions"}],"wp:attachment":[{"href":"https:\/\/plazajuarez.mx\/historico\/wp-json\/wp\/v2\/media?parent=2022"}],"wp:term":[{"taxonomy":"category","embeddable":true,"href":"https:\/\/plazajuarez.mx\/historico\/wp-json\/wp\/v2\/categories?post=2022"},{"taxonomy":"post_tag","embeddable":true,"href":"https:\/\/plazajuarez.mx\/historico\/wp-json\/wp\/v2\/tags?post=2022"}],"curies":[{"name":"wp","href":"https:\/\/api.w.org\/{rel}","templated":true}]}}