{"id":2021,"date":"2015-03-10T06:00:00","date_gmt":"2015-03-10T06:00:00","guid":{"rendered":"http:\/\/plazajuarez.mx\/index\/index.php\/2015\/03\/10\/obama-ordena-sanciones-contra-venezuela-y-la-declara-una-amenaza-contra-los-eu\/"},"modified":"2015-03-10T06:00:00","modified_gmt":"2015-03-10T06:00:00","slug":"obama-ordena-sanciones-contra-venezuela-y-la-declara-una-amenaza-contra-los-eu","status":"publish","type":"post","link":"https:\/\/plazajuarez.mx\/historico\/obama-ordena-sanciones-contra-venezuela-y-la-declara-una-amenaza-contra-los-eu\/","title":{"rendered":"Obama ordena sanciones contra Venezuela  y la declara una amenaza contra los EU"},"content":{"rendered":"<ul>\n<li><strong><strong>Washington condena las violaciones de los derechos humanos , la corrupci\u00f3n y el acoso a la oposici\u00f3n que, seg\u00fan denuncia, ejerce el Gobierno de Nicol\u00e1s Maduro<\/strong><\/strong> <!--more--> <\/li>\n<\/ul>\n<p>El presidente de EU, Barack Obama, firm\u00f3 ayer una orden ejecutiva por la que declara a Venezuela amenaza para la seguridad nacional estadounidense y establece sanciones para seis jerarcas del r\u00e9gimen de Nicol\u00e1s Maduro. En el texto, el presidente estadounidense expresa su preocupaci\u00f3n por las amenazas del Gobierno venezolano contra la oposici\u00f3n.<\/p>\n<p>\u00abAutoridades venezolanas que en el pasado y presente han violado derechos humanos de sus ciudadanos y se han visto envueltos en actos de corrupci\u00f3n, no son bienvenidos aqu\u00ed\u00bb, afirma el presidente en su mensaje. (Agencias)<\/p>\n","protected":false},"excerpt":{"rendered":"<p>Washington condena las violaciones de los derechos humanos , la corrupci\u00f3n y el acoso a la oposici\u00f3n que, seg\u00fan denuncia, ejerce el Gobierno de Nicol\u00e1s Maduro<\/p>\n","protected":false},"author":93,"featured_media":0,"comment_status":"open","ping_status":"open","sticky":false,"template":"","format":"standard","meta":{"footnotes":""},"categories":[31],"tags":[],"class_list":["post-2021","post","type-post","status-publish","format-standard","hentry","category-orbe"],"_links":{"self":[{"href":"https:\/\/plazajuarez.mx\/historico\/wp-json\/wp\/v2\/posts\/2021","targetHints":{"allow":["GET"]}}],"collection":[{"href":"https:\/\/plazajuarez.mx\/historico\/wp-json\/wp\/v2\/posts"}],"about":[{"href":"https:\/\/plazajuarez.mx\/historico\/wp-json\/wp\/v2\/types\/post"}],"author":[{"embeddable":true,"href":"https:\/\/plazajuarez.mx\/historico\/wp-json\/wp\/v2\/users\/93"}],"replies":[{"embeddable":true,"href":"https:\/\/plazajuarez.mx\/historico\/wp-json\/wp\/v2\/comments?post=2021"}],"version-history":[{"count":0,"href":"https:\/\/plazajuarez.mx\/historico\/wp-json\/wp\/v2\/posts\/2021\/revisions"}],"wp:attachment":[{"href":"https:\/\/plazajuarez.mx\/historico\/wp-json\/wp\/v2\/media?parent=2021"}],"wp:term":[{"taxonomy":"category","embeddable":true,"href":"https:\/\/plazajuarez.mx\/historico\/wp-json\/wp\/v2\/categories?post=2021"},{"taxonomy":"post_tag","embeddable":true,"href":"https:\/\/plazajuarez.mx\/historico\/wp-json\/wp\/v2\/tags?post=2021"}],"curies":[{"name":"wp","href":"https:\/\/api.w.org\/{rel}","templated":true}]}}