{"id":202056,"date":"2022-02-04T08:54:35","date_gmt":"2022-02-04T14:54:35","guid":{"rendered":"https:\/\/plazajuarez.mx\/?p=202056"},"modified":"2022-02-04T09:54:32","modified_gmt":"2022-02-04T15:54:32","slug":"recriminan-falta-de-medicamentos-en-dia-mundial-contra-el-cancer","status":"publish","type":"post","link":"https:\/\/plazajuarez.mx\/historico\/recriminan-falta-de-medicamentos-en-dia-mundial-contra-el-cancer\/","title":{"rendered":"Recriminan falta de medicamentos en D\u00eda Mundial contra el C\u00e1ncer"},"content":{"rendered":"\n<p> En el marco del D\u00eda Mundial contra el C\u00e1ncer, que se conmemora este 4 de febrero, diputados de oposici\u00f3n recriminaron a Morena y sus aliados por la falta de medicamentos en el pa\u00eds.<\/p>\n\n\n\n<p>La diputada Martha Estela Romo Cu\u00e9llar afirm\u00f3 que la estrategia actual para atender a los pacientes con c\u00e1ncer y el modelo del sistema de salud son un obst\u00e1culo para asegurar la detecci\u00f3n temprana y el acceso a los tratamientos.<\/p>\n\n\n\n<p>Asegur\u00f3 que puntualizar el desabasto de medicamentos oncol\u00f3gicos y su urgente atenci\u00f3n no es un ataque, sino una necesidad social: &#8220;El sistema de salud no funciona, es indispensable contar con tratamientos&#8221;.<\/p>\n\n\n\n<p>En tanto, la diputada Frinn\u00e9 Azuara (PRI) record\u00f3 que el c\u00e1ncer en M\u00e9xico es la tercera causa de muerte y en los \u00faltimos a\u00f1os se han duplicado los casos. Cuestion\u00f3 sobre el destino de los recursos para la atenci\u00f3n de esa enfermedad, y dijo que &#8220;es necesario que haya atenci\u00f3n m\u00e9dica para todas y todos los mexicanos&#8221;.<\/p>\n\n\n\n<p>En su oportunidad, el diputado Salom\u00f3n Chertorivsky (MC) puntualiz\u00f3 que es necesario poner todos los esfuerzos del Estado para que no fallezca una ni\u00f1a, ni\u00f1o, mujer u hombre que podr\u00eda haber tenido una oportunidad de vida.<\/p>\n\n\n\n<p>&#8220;Se debe prevenir para disminuir los riesgos de desarrollar un c\u00e1ncer. Necesitamos detectar a tiempo, el 80 por ciento de los casos llegan en etapas avanzadas para recibir atenci\u00f3n. El c\u00e1ncer no es sin\u00f3nimo de muerte; el c\u00e1ncer nos debe llevar a la acci\u00f3n&#8221;, advirti\u00f3.<\/p>\n\n\n\n<p>En contraparte, el diputado Zeus Garc\u00eda Sandoval (Morena) reconoci\u00f3 que el c\u00e1ncer es la tercera causa de muerte, y sostuvo que el elevado n\u00famero &#8220;se debe a un diagn\u00f3stico tard\u00edo&#8221;.<\/p>\n","protected":false},"excerpt":{"rendered":"<p>En el marco del D\u00eda Mundial contra el C\u00e1ncer, que se conmemora este 4 de febrero, diputados de oposici\u00f3n recriminaron a Morena y sus aliados por la falta de medicamentos en el pa\u00eds. La diputada Martha Estela Romo Cu\u00e9llar afirm\u00f3 que la estrategia actual para atender a los pacientes con c\u00e1ncer y el modelo del [&hellip;]<\/p>\n","protected":false},"author":81,"featured_media":202057,"comment_status":"closed","ping_status":"closed","sticky":false,"template":"","format":"standard","meta":{"footnotes":""},"categories":[36],"tags":[],"class_list":["post-202056","post","type-post","status-publish","format-standard","has-post-thumbnail","hentry","category-nacion"],"_links":{"self":[{"href":"https:\/\/plazajuarez.mx\/historico\/wp-json\/wp\/v2\/posts\/202056","targetHints":{"allow":["GET"]}}],"collection":[{"href":"https:\/\/plazajuarez.mx\/historico\/wp-json\/wp\/v2\/posts"}],"about":[{"href":"https:\/\/plazajuarez.mx\/historico\/wp-json\/wp\/v2\/types\/post"}],"author":[{"embeddable":true,"href":"https:\/\/plazajuarez.mx\/historico\/wp-json\/wp\/v2\/users\/81"}],"replies":[{"embeddable":true,"href":"https:\/\/plazajuarez.mx\/historico\/wp-json\/wp\/v2\/comments?post=202056"}],"version-history":[{"count":0,"href":"https:\/\/plazajuarez.mx\/historico\/wp-json\/wp\/v2\/posts\/202056\/revisions"}],"wp:featuredmedia":[{"embeddable":true,"href":"https:\/\/plazajuarez.mx\/historico\/wp-json\/wp\/v2\/media\/202057"}],"wp:attachment":[{"href":"https:\/\/plazajuarez.mx\/historico\/wp-json\/wp\/v2\/media?parent=202056"}],"wp:term":[{"taxonomy":"category","embeddable":true,"href":"https:\/\/plazajuarez.mx\/historico\/wp-json\/wp\/v2\/categories?post=202056"},{"taxonomy":"post_tag","embeddable":true,"href":"https:\/\/plazajuarez.mx\/historico\/wp-json\/wp\/v2\/tags?post=202056"}],"curies":[{"name":"wp","href":"https:\/\/api.w.org\/{rel}","templated":true}]}}