{"id":202050,"date":"2022-02-04T08:36:03","date_gmt":"2022-02-04T14:36:03","guid":{"rendered":"https:\/\/plazajuarez.mx\/?p=202050"},"modified":"2022-02-04T08:41:10","modified_gmt":"2022-02-04T14:41:10","slug":"anuncian-un-operativo-conjunto-para-combatir-a-la-delincuencia","status":"publish","type":"post","link":"https:\/\/plazajuarez.mx\/historico\/anuncian-un-operativo-conjunto-para-combatir-a-la-delincuencia\/","title":{"rendered":"Anuncian un operativo conjunto para combatir a la delincuencia"},"content":{"rendered":"\n<p><strong>Se dio a conocer que por instrucci\u00f3n del gobernador Omar Fayad Meneses, se decidi\u00f3 estructurar y desarrollar este dispositivo para lograr una mejor seguridad<\/strong><\/p>\n\n\n\n<p>En las instalaciones del C5i de Hidalgo, el secretario de Gobierno, Sim\u00f3n Vargas Aguilar, anuncio la noche del mi\u00e9rcoles la implementaci\u00f3n de un operativo, para combatir a la delincuencia y salvaguardar la seguridad e integridad de los hidalguenses.<\/p>\n\n\n\n<p>El funcionario relato que por instrucci\u00f3n del gobernador Omar Fayad, se decidi\u00f3 estructurar y desarrollar este operativo conjunto en el que se tendr\u00e1 la participaci\u00f3n del Ej\u00e9rcito Mexicano y de las corporaciones de seguridad de Hidalgo.<\/p>\n\n\n\n<p>Vargas Aguilar indic\u00f3 que durante estas acciones se establecer\u00e1n filtros de seguridad por toda la entidad, con presencia de elementos de las diferentes corporaciones policiacas para atacar de manera frontal cualquier acto criminal.<\/p>\n\n\n\n<p>As\u00ed mismo resalt\u00f3; &#8220;La administraci\u00f3n del gobernador Fayad se caracteriza por un esp\u00edritu colaborativo y ciudadano, ya que ninguna instituci\u00f3n puede sola; por ello es importante caminar de la mano con la ciudadan\u00eda y con los sectores representativos del estado, teniendo siempre como objetivo una entidad en crecimiento&#8221;.<\/p>\n\n\n\n<p>Finalmente Vargas Aguilar conmin\u00f3 a los hidalguenses a colaborar, realizando las denuncias correspondientes de manera an\u00f3nima de actos antisociales que ponen en riesgo la seguridad y la paz al 089, en el 911 o en las agencias del Ministerio P\u00fablico.<\/p>\n\n\n\n<p>Al intervenir, el general Bernab\u00e9 Bernardo Ch\u00e1vez Lira, comandante de la 18\u00aa zona militar, destac\u00f3 que es muy importante que la poblaci\u00f3n participe, que coopere con los operativos, que gu\u00eden y orienten a los cuerpos de seguridad para encontrar indicios delictivos.<\/p>\n\n\n\n<p>Tambi\u00e9n dej\u00f3 en claro que se instalar\u00e1n puestos de revisi\u00f3n en esta operaci\u00f3n que tomar\u00e1 el tiempo que sea necesario para disminuir los \u00edndices delictivos.<\/p>\n\n\n\n<p>El secretario de Seguridad P\u00fablica del Estado, Mauricio Delmar Saavedra, indic\u00f3 que Hidalgo es una de las entidades m\u00e1s seguras en la zona centro de M\u00e9xico, y es el resultado del trabajo coordinado con las instancias de seguridad cuya misi\u00f3n es salvaguardar el orden y combatir el fen\u00f3meno delictivo y que por ello la funci\u00f3n de estos operativos es mantenerla en esa condici\u00f3n.<\/p>\n\n\n\n<p>Delmar Saavedra asegur\u00f3 que trabajar\u00e1n en diferentes dispositivos y operativos, pero muy en particular en las zonas donde se concentra el fen\u00f3meno delictivo, siempre bajo protocolos con respeto a los derechos humanos.&nbsp;<\/p>\n\n\n\n<p>Finalmente, el procurador de Hidalgo Alejandro Habib Nicol\u00e1s, hizo un llamado a la ciudadan\u00eda para denunciar a trav\u00e9s de los canales institucionales para poder proceder en consecuencia.<\/p>\n","protected":false},"excerpt":{"rendered":"<p>Se dio a conocer que por instrucci\u00f3n del gobernador Omar Fayad Meneses, se decidi\u00f3 estructurar y desarrollar este dispositivo para lograr una mejor seguridad En las instalaciones del C5i de Hidalgo, el secretario de Gobierno, Sim\u00f3n Vargas Aguilar, anuncio la noche del mi\u00e9rcoles la implementaci\u00f3n de un operativo, para combatir a la delincuencia y salvaguardar [&hellip;]<\/p>\n","protected":false},"author":93,"featured_media":202051,"comment_status":"closed","ping_status":"closed","sticky":false,"template":"","format":"standard","meta":{"footnotes":""},"categories":[37],"tags":[],"class_list":["post-202050","post","type-post","status-publish","format-standard","has-post-thumbnail","hentry","category-barandilla"],"_links":{"self":[{"href":"https:\/\/plazajuarez.mx\/historico\/wp-json\/wp\/v2\/posts\/202050","targetHints":{"allow":["GET"]}}],"collection":[{"href":"https:\/\/plazajuarez.mx\/historico\/wp-json\/wp\/v2\/posts"}],"about":[{"href":"https:\/\/plazajuarez.mx\/historico\/wp-json\/wp\/v2\/types\/post"}],"author":[{"embeddable":true,"href":"https:\/\/plazajuarez.mx\/historico\/wp-json\/wp\/v2\/users\/93"}],"replies":[{"embeddable":true,"href":"https:\/\/plazajuarez.mx\/historico\/wp-json\/wp\/v2\/comments?post=202050"}],"version-history":[{"count":0,"href":"https:\/\/plazajuarez.mx\/historico\/wp-json\/wp\/v2\/posts\/202050\/revisions"}],"wp:featuredmedia":[{"embeddable":true,"href":"https:\/\/plazajuarez.mx\/historico\/wp-json\/wp\/v2\/media\/202051"}],"wp:attachment":[{"href":"https:\/\/plazajuarez.mx\/historico\/wp-json\/wp\/v2\/media?parent=202050"}],"wp:term":[{"taxonomy":"category","embeddable":true,"href":"https:\/\/plazajuarez.mx\/historico\/wp-json\/wp\/v2\/categories?post=202050"},{"taxonomy":"post_tag","embeddable":true,"href":"https:\/\/plazajuarez.mx\/historico\/wp-json\/wp\/v2\/tags?post=202050"}],"curies":[{"name":"wp","href":"https:\/\/api.w.org\/{rel}","templated":true}]}}