{"id":2020,"date":"2015-03-10T06:00:00","date_gmt":"2015-03-10T06:00:00","guid":{"rendered":"http:\/\/plazajuarez.mx\/index\/index.php\/2015\/03\/10\/putin-reconoce-que-ordeno-anexionar-crimea-antes-del-referendum\/"},"modified":"2015-03-10T06:00:00","modified_gmt":"2015-03-10T06:00:00","slug":"putin-reconoce-que-ordeno-anexionar-crimea-antes-del-referendum","status":"publish","type":"post","link":"https:\/\/plazajuarez.mx\/historico\/putin-reconoce-que-ordeno-anexionar-crimea-antes-del-referendum\/","title":{"rendered":"Putin reconoce que orden\u00f3 anexionar  Crimea antes del refer\u00e9ndum"},"content":{"rendered":"<p>Mosc\u00fa.- El presidente ruso, Vlad\u00edmir Putin, reconoci\u00f3 que orden\u00f3 la anexi\u00f3n de Crimea horas despu\u00e9s de que el Parlamento ucraniano depusiera de su cargo a V\u00edktor Yanuk\u00f3vich, una semana antes que las autoridades regionales de la pen\u00ednsula se rebelaran contra Kiev y convocaran el refer\u00e9ndum independentista.<\/p>\n<p>  <!--more-->  <\/p>\n<p>\u00a0<\/p>\n<p>La televisi\u00f3n estatal rusa &#8220;Rossia&#8221; adelant\u00f3 anoche algunas escenas de un documental que se emitir\u00e1 en los pr\u00f3ximos d\u00edas y en el que el jefe del Kremlin contar\u00e1 los detalles de la anexi\u00f3n de Crimea y de la operaci\u00f3n especial para sacar a Yanuk\u00f3vich de Donetsk, su ciudad natal adonde huy\u00f3 de Kiev en la madrugada del 22 de febrero.<\/p>\n<p>&#8220;Hab\u00edamos colocado metralletas de gran calibre para no tener que hablar. Est\u00e1bamos preparados para sacarlo del mismo Donetsk, por tierra, mar y aire. En la noche del 22 al 23 de febrero, cuando acabamos cerca de las 7 de la ma\u00f1ana, dije a los colegas que debemos empezar a trabajar en recuperar Crimea para Rusia&#8221;, reconoci\u00f3 Putin. (Agencias)<\/p>\n","protected":false},"excerpt":{"rendered":"<p>Mosc\u00fa.- El presidente ruso, Vlad\u00edmir Putin, reconoci\u00f3 que orden\u00f3 la anexi\u00f3n de Crimea horas despu\u00e9s de que el Parlamento ucraniano depusiera de su cargo a V\u00edktor Yanuk\u00f3vich, una semana antes que las autoridades regionales de la pen\u00ednsula se rebelaran contra Kiev y convocaran el refer\u00e9ndum independentista.<\/p>\n","protected":false},"author":93,"featured_media":0,"comment_status":"open","ping_status":"open","sticky":false,"template":"","format":"standard","meta":{"footnotes":""},"categories":[31],"tags":[],"class_list":["post-2020","post","type-post","status-publish","format-standard","hentry","category-orbe"],"_links":{"self":[{"href":"https:\/\/plazajuarez.mx\/historico\/wp-json\/wp\/v2\/posts\/2020","targetHints":{"allow":["GET"]}}],"collection":[{"href":"https:\/\/plazajuarez.mx\/historico\/wp-json\/wp\/v2\/posts"}],"about":[{"href":"https:\/\/plazajuarez.mx\/historico\/wp-json\/wp\/v2\/types\/post"}],"author":[{"embeddable":true,"href":"https:\/\/plazajuarez.mx\/historico\/wp-json\/wp\/v2\/users\/93"}],"replies":[{"embeddable":true,"href":"https:\/\/plazajuarez.mx\/historico\/wp-json\/wp\/v2\/comments?post=2020"}],"version-history":[{"count":0,"href":"https:\/\/plazajuarez.mx\/historico\/wp-json\/wp\/v2\/posts\/2020\/revisions"}],"wp:attachment":[{"href":"https:\/\/plazajuarez.mx\/historico\/wp-json\/wp\/v2\/media?parent=2020"}],"wp:term":[{"taxonomy":"category","embeddable":true,"href":"https:\/\/plazajuarez.mx\/historico\/wp-json\/wp\/v2\/categories?post=2020"},{"taxonomy":"post_tag","embeddable":true,"href":"https:\/\/plazajuarez.mx\/historico\/wp-json\/wp\/v2\/tags?post=2020"}],"curies":[{"name":"wp","href":"https:\/\/api.w.org\/{rel}","templated":true}]}}