{"id":201992,"date":"2022-02-04T06:47:19","date_gmt":"2022-02-04T12:47:19","guid":{"rendered":"https:\/\/plazajuarez.mx\/?p=201992"},"modified":"2022-02-04T06:47:33","modified_gmt":"2022-02-04T12:47:33","slug":"sedeso-impulsa-proyectos-de-impacto-social","status":"publish","type":"post","link":"https:\/\/plazajuarez.mx\/historico\/sedeso-impulsa-proyectos-de-impacto-social\/","title":{"rendered":"Sedeso impulsa proyectos de impacto social"},"content":{"rendered":"\n<p>Con el objetivo de mantener la construcci\u00f3n colaborativa de bienestar social entre el gobierno de Hidalgo y la sociedad civil organizada, la Secretar\u00eda de Desarrollo Social (Sedeso) hizo la entrega de recurso econ\u00f3mico para equipamiento a organizaciones de la sociedad civil por un monto de 3 millones 900 mil pesos, esto teniendo como marco las instalaciones del Centro de Coordinaci\u00f3n, Control, Comando, Comunicaci\u00f3n, C\u00f3mputo e Inteligencia (C5I).<\/p>\n\n\n\n<p>El secretario de Desarrollo Social, Daniel Jim\u00e9nez Rojo, coment\u00f3 que sumando estas acciones que benefician a 38 agrupaciones, desde el inicio de la gesti\u00f3n del gobernador Omar Fayad, se han otorgado apoyos econ\u00f3micos por m\u00e1s de 13 millones de pesos a 142 Organizaciones de la Sociedad Civil, para adquisici\u00f3n de equipamiento e insumos.&nbsp;<\/p>\n\n\n\n<p>Estos apoyos de 50 mil y 150 mil pesos, agreg\u00f3, servir\u00e1n para la adquisici\u00f3n de equipamiento tecnol\u00f3gico, material did\u00e1ctico o equipo de rehabilitaci\u00f3n, que les permitir\u00e1 ampliar y fortalecer sus capacidades operativas y de vinculaci\u00f3n.<\/p>\n\n\n\n<p>Asimismo, Jim\u00e9nez Rojo asever\u00f3 que, con este trabajo el Gobierno del Estado est\u00e1 abriendo espacios para que la sociedad civil en sus diferentes formas de organizaci\u00f3n coadyuve con la pol\u00edtica estatal en materia de desarrollo social, posibilitando la generaci\u00f3n y consolidaci\u00f3n de propuestas con impacto positivo en los diferentes segmentos de la poblaci\u00f3n y n\u00facleos comunitarios en condiciones de marginaci\u00f3n y vulnerabilidad.<\/p>\n\n\n\n<p>Por su parte, la subsecretaria de Participaci\u00f3n Social y Fomento Artesanal, Kenia Montiel Pimentel, coment\u00f3 que el gobierno que encabeza Omar Fayad ha buscado hacer visible el gran trabajo de las Asociaciones Civiles, con programas y proyectos que fortalecen sus causas, promoviendo la participaci\u00f3n de la sociedad civil en la construcci\u00f3n y formulaci\u00f3n de las pol\u00edticas p\u00fablicas estatales, impulsando una mayor inclusi\u00f3n de los diferentes actores sociales.<\/p>\n","protected":false},"excerpt":{"rendered":"<p>Con el objetivo de mantener la construcci\u00f3n colaborativa de bienestar social entre el gobierno de Hidalgo y la sociedad civil organizada, la Secretar\u00eda de Desarrollo Social (Sedeso) hizo la entrega de recurso econ\u00f3mico para equipamiento a organizaciones de la sociedad civil por un monto de 3 millones 900 mil pesos, esto teniendo como marco las [&hellip;]<\/p>\n","protected":false},"author":93,"featured_media":201993,"comment_status":"closed","ping_status":"closed","sticky":false,"template":"","format":"standard","meta":{"footnotes":""},"categories":[59,2159],"tags":[],"class_list":["post-201992","post","type-post","status-publish","format-standard","has-post-thumbnail","hentry","category-general","category-noticias-de-hidalgo"],"_links":{"self":[{"href":"https:\/\/plazajuarez.mx\/historico\/wp-json\/wp\/v2\/posts\/201992","targetHints":{"allow":["GET"]}}],"collection":[{"href":"https:\/\/plazajuarez.mx\/historico\/wp-json\/wp\/v2\/posts"}],"about":[{"href":"https:\/\/plazajuarez.mx\/historico\/wp-json\/wp\/v2\/types\/post"}],"author":[{"embeddable":true,"href":"https:\/\/plazajuarez.mx\/historico\/wp-json\/wp\/v2\/users\/93"}],"replies":[{"embeddable":true,"href":"https:\/\/plazajuarez.mx\/historico\/wp-json\/wp\/v2\/comments?post=201992"}],"version-history":[{"count":0,"href":"https:\/\/plazajuarez.mx\/historico\/wp-json\/wp\/v2\/posts\/201992\/revisions"}],"wp:featuredmedia":[{"embeddable":true,"href":"https:\/\/plazajuarez.mx\/historico\/wp-json\/wp\/v2\/media\/201993"}],"wp:attachment":[{"href":"https:\/\/plazajuarez.mx\/historico\/wp-json\/wp\/v2\/media?parent=201992"}],"wp:term":[{"taxonomy":"category","embeddable":true,"href":"https:\/\/plazajuarez.mx\/historico\/wp-json\/wp\/v2\/categories?post=201992"},{"taxonomy":"post_tag","embeddable":true,"href":"https:\/\/plazajuarez.mx\/historico\/wp-json\/wp\/v2\/tags?post=201992"}],"curies":[{"name":"wp","href":"https:\/\/api.w.org\/{rel}","templated":true}]}}