{"id":201988,"date":"2022-02-04T06:43:29","date_gmt":"2022-02-04T12:43:29","guid":{"rendered":"https:\/\/plazajuarez.mx\/?p=201988"},"modified":"2022-02-04T09:58:25","modified_gmt":"2022-02-04T15:58:25","slug":"dictaron-el-arraigo-domiciliario-para-gerardo-sosa-castelan","status":"publish","type":"post","link":"https:\/\/plazajuarez.mx\/historico\/dictaron-el-arraigo-domiciliario-para-gerardo-sosa-castelan\/","title":{"rendered":"Dictaron el resguardo domiciliario para Gerardo Sosa Castel\u00e1n"},"content":{"rendered":"\n<p>De manera extraoficial trascendi\u00f3 que Gerardo Sosa Castel\u00e1n habr\u00eda abandonado el Centro Federal de Readaptaci\u00f3n Social N\u00famero 1 &#8220;El Altiplano&#8221;, ubicado en Almoloya de Ju\u00e1rez.<\/p>\n\n\n\n<p>Ello luego de que el juez de control federal que conoce del caso, habr\u00eda cambiado la medida de prisi\u00f3n al exrector de la Universidad Aut\u00f3noma de Hidalgo y expresidente del Grupo Universidad.<\/p>\n\n\n\n<p>Como se recuerda, la Fiscal\u00eda General de la Rep\u00fablica pidi\u00f3 el 21 que se cambiara la medida cautelar de prisi\u00f3n preventiva por motivos de salud.<\/p>\n\n\n\n<p>Tras esta petici\u00f3n, el juez dio plazo de cinco d\u00edas para que el Fiscal ratificar\u00e1 la petici\u00f3n, plazo que se venci\u00f3 el 26 de enero.<\/p>\n\n\n\n<p>No obstante a la tardanza de la ratificaci\u00f3n de la FGR, fue el martes anterior cuando se cumpli\u00f3 con el requisito.<\/p>\n\n\n\n<p>Es as\u00ed como la tarde noche de este jueves el Juez de Control Federal, con sede en Almoloya, dict\u00f3 la sustituci\u00f3n de la medida cautelar por resguardo domiciliario para Gerardo Sosa Castelan, quien al momento ya habr\u00eda abandonado el Centro Federal de Readaptaci\u00f3n Social N\u00famero 1 de &#8220;El Altiplano&#8221;.<\/p>\n","protected":false},"excerpt":{"rendered":"<p>De manera extraoficial trascendi\u00f3 que Gerardo Sosa Castel\u00e1n habr\u00eda abandonado el Centro Federal de Readaptaci\u00f3n Social N\u00famero 1 &#8220;El Altiplano&#8221;, ubicado en Almoloya de Ju\u00e1rez. Ello luego de que el juez de control federal que conoce del caso, habr\u00eda cambiado la medida de prisi\u00f3n al exrector de la Universidad Aut\u00f3noma de Hidalgo y expresidente del [&hellip;]<\/p>\n","protected":false},"author":93,"featured_media":186107,"comment_status":"closed","ping_status":"closed","sticky":false,"template":"","format":"standard","meta":{"footnotes":""},"categories":[37,15],"tags":[],"class_list":["post-201988","post","type-post","status-publish","format-standard","has-post-thumbnail","hentry","category-barandilla","category-destacadas"],"_links":{"self":[{"href":"https:\/\/plazajuarez.mx\/historico\/wp-json\/wp\/v2\/posts\/201988","targetHints":{"allow":["GET"]}}],"collection":[{"href":"https:\/\/plazajuarez.mx\/historico\/wp-json\/wp\/v2\/posts"}],"about":[{"href":"https:\/\/plazajuarez.mx\/historico\/wp-json\/wp\/v2\/types\/post"}],"author":[{"embeddable":true,"href":"https:\/\/plazajuarez.mx\/historico\/wp-json\/wp\/v2\/users\/93"}],"replies":[{"embeddable":true,"href":"https:\/\/plazajuarez.mx\/historico\/wp-json\/wp\/v2\/comments?post=201988"}],"version-history":[{"count":0,"href":"https:\/\/plazajuarez.mx\/historico\/wp-json\/wp\/v2\/posts\/201988\/revisions"}],"wp:featuredmedia":[{"embeddable":true,"href":"https:\/\/plazajuarez.mx\/historico\/wp-json\/wp\/v2\/media\/186107"}],"wp:attachment":[{"href":"https:\/\/plazajuarez.mx\/historico\/wp-json\/wp\/v2\/media?parent=201988"}],"wp:term":[{"taxonomy":"category","embeddable":true,"href":"https:\/\/plazajuarez.mx\/historico\/wp-json\/wp\/v2\/categories?post=201988"},{"taxonomy":"post_tag","embeddable":true,"href":"https:\/\/plazajuarez.mx\/historico\/wp-json\/wp\/v2\/tags?post=201988"}],"curies":[{"name":"wp","href":"https:\/\/api.w.org\/{rel}","templated":true}]}}