{"id":2019,"date":"2015-03-10T06:00:00","date_gmt":"2015-03-10T06:00:00","guid":{"rendered":"http:\/\/plazajuarez.mx\/index\/index.php\/2015\/03\/10\/el-estado-islamico-degueella-en-publico-a-cuatro-homosexuales-en-mosul\/"},"modified":"2015-03-10T06:00:00","modified_gmt":"2015-03-10T06:00:00","slug":"el-estado-islamico-degueella-en-publico-a-cuatro-homosexuales-en-mosul","status":"publish","type":"post","link":"https:\/\/plazajuarez.mx\/historico\/el-estado-islamico-degueella-en-publico-a-cuatro-homosexuales-en-mosul\/","title":{"rendered":"El Estado Isl\u00e1mico deg\u00fcella en p\u00fablico  a cuatro homosexuales en Mosul"},"content":{"rendered":"<p>Mosul.- El grupo yihadista Estado Isl\u00e1mico (EI) degoll\u00f3 ayer en p\u00fablico a cuatro j\u00f3venes homosexuales en la ciudad iraqu\u00ed de Mosul, donde esta organizaci\u00f3n aplica desde el pasado verano una interpretaci\u00f3n reaccionaria de la ley isl\u00e1mica. El funcionario de la administraci\u00f3n local Mohamed Fares que los combatientes del EI convocaron a los habitantes del barrio de Al Rashidia, en el norte de Mosul, para presenciar la ejecuci\u00f3n extrajudicial de los cuatro j\u00f3venes, cuyas edades rondaban entre los veinte y los treinta a\u00f1os.<\/p>\n<p>  <!--more-->  <\/p>\n<p>\u00a0<\/p>\n<p>La homosexualidad est\u00e1 proscrita en gran parte del mundo isl\u00e1mico. En la mayor\u00eda de los pa\u00edses donde esta religi\u00f3n es mayoritaria se considera un delito penado con la c\u00e1rcel y en algunos, como Arabia Saud\u00ed, Sud\u00e1n o Yemen, puede ser castigada con la pena capital. Seg\u00fan el relato de Fares, una vez que la gente se hubo congregado, el juez designado por el EI, identificado como Taha Husein, pronunci\u00f3 la sentencia a muerte dictada por un tribunal religioso vinculado al grupo extremista.<\/p>\n<p>Los yihadistas del EI degollaron a los cuatro j\u00f3venes mientras coreaban lemas religiosos y gritaban &#8220;Allahu Akbar&#8221; (Dios es grande), una escena que, seg\u00fan la fuente, no pudieron soportar los asistentes, que abandonaron el lugar. El pasado 6 de enero, el Ej\u00e9rcito Isl\u00e1mico asesin\u00f3 a otros cuatro j\u00f3venes acusados de homosexualidad, de entre 18 y 26 a\u00f1os de edad, arroj\u00e1ndolos desde la azotea de la sede de la Compa\u00f1\u00eda Nacional de Seguros, ubicada en frente del edificio de la Gobernaci\u00f3n de Mosul. (Agencias)<\/p>\n","protected":false},"excerpt":{"rendered":"<p>Mosul.- El grupo yihadista Estado Isl\u00e1mico (EI) degoll\u00f3 ayer en p\u00fablico a cuatro j\u00f3venes homosexuales en la ciudad iraqu\u00ed de Mosul, donde esta organizaci\u00f3n aplica desde el pasado verano una interpretaci\u00f3n reaccionaria de la ley isl\u00e1mica. El funcionario de la administraci\u00f3n local Mohamed Fares que los combatientes del EI convocaron a los habitantes del barrio [&hellip;]<\/p>\n","protected":false},"author":93,"featured_media":0,"comment_status":"open","ping_status":"open","sticky":false,"template":"","format":"standard","meta":{"footnotes":""},"categories":[31],"tags":[],"class_list":["post-2019","post","type-post","status-publish","format-standard","hentry","category-orbe"],"_links":{"self":[{"href":"https:\/\/plazajuarez.mx\/historico\/wp-json\/wp\/v2\/posts\/2019","targetHints":{"allow":["GET"]}}],"collection":[{"href":"https:\/\/plazajuarez.mx\/historico\/wp-json\/wp\/v2\/posts"}],"about":[{"href":"https:\/\/plazajuarez.mx\/historico\/wp-json\/wp\/v2\/types\/post"}],"author":[{"embeddable":true,"href":"https:\/\/plazajuarez.mx\/historico\/wp-json\/wp\/v2\/users\/93"}],"replies":[{"embeddable":true,"href":"https:\/\/plazajuarez.mx\/historico\/wp-json\/wp\/v2\/comments?post=2019"}],"version-history":[{"count":0,"href":"https:\/\/plazajuarez.mx\/historico\/wp-json\/wp\/v2\/posts\/2019\/revisions"}],"wp:attachment":[{"href":"https:\/\/plazajuarez.mx\/historico\/wp-json\/wp\/v2\/media?parent=2019"}],"wp:term":[{"taxonomy":"category","embeddable":true,"href":"https:\/\/plazajuarez.mx\/historico\/wp-json\/wp\/v2\/categories?post=2019"},{"taxonomy":"post_tag","embeddable":true,"href":"https:\/\/plazajuarez.mx\/historico\/wp-json\/wp\/v2\/tags?post=2019"}],"curies":[{"name":"wp","href":"https:\/\/api.w.org\/{rel}","templated":true}]}}