{"id":201678,"date":"2022-02-02T06:47:04","date_gmt":"2022-02-02T12:47:04","guid":{"rendered":"https:\/\/plazajuarez.mx\/?p=201678"},"modified":"2022-02-02T06:47:14","modified_gmt":"2022-02-02T12:47:14","slug":"alfil-negro-2251","status":"publish","type":"post","link":"https:\/\/plazajuarez.mx\/historico\/alfil-negro-2251\/","title":{"rendered":"ALFIL NEGRO"},"content":{"rendered":"\n<p><\/p>\n\n\n\n<h2 class=\"wp-block-heading\"><strong>SACARON LAS NAVAJAS<\/strong><\/h2>\n\n\n\n<p><\/p>\n\n\n\n<p>Las precampa\u00f1as han sido eso, &#8220;precampa\u00f1as&#8221;, en una dimensi\u00f3n de tibieza y con apenas unos capotazos al toro, para ver por donde hacerle la faena, pero&nbsp; sin nada que se convierta en urgente para escribir a casa, porque no ha sucedido.<\/p>\n\n\n\n<p>JULIO MENCHACA, candidato \u00fanico de Morena y aliados, ha llevado a cabo un precampa\u00f1a muy medida, y con un cuidado extremo de su reglamentaci\u00f3n para no dar motivos reales al vecino, para que recurra a los tribunales, cuestionando todo lo cuestionable y en el entendido que es un contacto con los partidarios de su partido, y no una campa\u00f1a en forma para exponer y defender propuestas de gobierno.<\/p>\n\n\n\n<p>Del otro lado, CAROLINA VIGGIANO, candidata del PAN pero de toda la coalici\u00f3n, se ha dirigido con especial cuidado a los panistas que la proponen como candidata de la alianza VA POR HIDALGO, aunque esto no le impide reunirse con priistas en su perfil de dirigente nacional de este partido.<\/p>\n\n\n\n<p>Sin embargo, est\u00e1 paz&nbsp; franciscana en que todos son hermanos, como que se rompi\u00f3 en las \u00faltimas horas, cuando los dos precandidatos echaron mano a sus fierros como queriendo pelear, con expresiones m\u00e1s o menos fuertes, que nos anticipan que las campa\u00f1as que arrancan el 3 de abril ser\u00e1n todo, menos tranquilas o tibias.<\/p>\n\n\n\n<p>Van a ser verdaderos agarrones en ese ring que se llama campa\u00f1as.<\/p>\n\n\n\n<p>JULIO es un pol\u00edtico que privilegia la argumentaci\u00f3n en un debate inteligente y racional, pero ya adelant\u00f3 que no se va a dejar si as\u00ed lo exigen las circunstancias, y CAROLINA es de un discurso fuerte no muy lejos de la confrontaci\u00f3n y el reclamo, pero con una propuesta nacida de hechos y acciones que provocan ese tipo de discurso.<\/p>\n\n\n\n<p>Y dec\u00edamos que echaron mano a sus fierros, porque en las \u00faltimas horas se han dado afirmaciones en que MENCHACA dice que la alternancia es entre otras cosas usar&nbsp; bien&nbsp; el dinero p\u00fablico y atender a todos los municipios, no s\u00f3lo a Pachuca, y habl\u00f3 de que a sus eventos no van personas forzadas, y que en otros eventos parece que van a un funeral y con raz\u00f3n, porque asisten al entierro de un viejo sistema que ya no tiene oportunidad en Hidalgo.<\/p>\n\n\n\n<p>Por su parte, CAROLINA ha se\u00f1alado que mientras otros se cuelgan de la popularidad de un personaje, los partidos que a ella la apoyan siempre han estado presentes, no s\u00f3lo en elecciones, y que los hidalguenses son inteligentes y votar\u00e1n por quien tenga buenas propuestas que las tiene su coalici\u00f3n.<\/p>\n\n\n\n<p><strong>Sin duda las navajas brillan y est\u00e1n filosas.<\/strong><\/p>\n","protected":false},"excerpt":{"rendered":"<p>SACARON LAS NAVAJAS Las precampa\u00f1as han sido eso, &#8220;precampa\u00f1as&#8221;, en una dimensi\u00f3n de tibieza y con apenas unos capotazos al toro, para ver por donde hacerle la faena, pero&nbsp; sin nada que se convierta en urgente para escribir a casa, porque no ha sucedido. JULIO MENCHACA, candidato \u00fanico de Morena y aliados, ha llevado a [&hellip;]<\/p>\n","protected":false},"author":83,"featured_media":0,"comment_status":"closed","ping_status":"closed","sticky":false,"template":"","format":"standard","meta":{"footnotes":""},"categories":[48,42],"tags":[],"class_list":["post-201678","post","type-post","status-publish","format-standard","hentry","category-adalberto-peralta","category-nuestrapalabra"],"_links":{"self":[{"href":"https:\/\/plazajuarez.mx\/historico\/wp-json\/wp\/v2\/posts\/201678","targetHints":{"allow":["GET"]}}],"collection":[{"href":"https:\/\/plazajuarez.mx\/historico\/wp-json\/wp\/v2\/posts"}],"about":[{"href":"https:\/\/plazajuarez.mx\/historico\/wp-json\/wp\/v2\/types\/post"}],"author":[{"embeddable":true,"href":"https:\/\/plazajuarez.mx\/historico\/wp-json\/wp\/v2\/users\/83"}],"replies":[{"embeddable":true,"href":"https:\/\/plazajuarez.mx\/historico\/wp-json\/wp\/v2\/comments?post=201678"}],"version-history":[{"count":0,"href":"https:\/\/plazajuarez.mx\/historico\/wp-json\/wp\/v2\/posts\/201678\/revisions"}],"wp:attachment":[{"href":"https:\/\/plazajuarez.mx\/historico\/wp-json\/wp\/v2\/media?parent=201678"}],"wp:term":[{"taxonomy":"category","embeddable":true,"href":"https:\/\/plazajuarez.mx\/historico\/wp-json\/wp\/v2\/categories?post=201678"},{"taxonomy":"post_tag","embeddable":true,"href":"https:\/\/plazajuarez.mx\/historico\/wp-json\/wp\/v2\/tags?post=201678"}],"curies":[{"name":"wp","href":"https:\/\/api.w.org\/{rel}","templated":true}]}}