{"id":201664,"date":"2022-02-01T19:12:54","date_gmt":"2022-02-02T01:12:54","guid":{"rendered":"https:\/\/plazajuarez.mx\/?p=201664"},"modified":"2022-02-01T19:14:42","modified_gmt":"2022-02-02T01:14:42","slug":"inicia-curso-de-natacion-el-7-de-febrero-en-la-unidad-deportiva","status":"publish","type":"post","link":"https:\/\/plazajuarez.mx\/historico\/inicia-curso-de-natacion-el-7-de-febrero-en-la-unidad-deportiva\/","title":{"rendered":"Inicia curso de nataci\u00f3n, el 7 de febrero, en la unidad deportiva"},"content":{"rendered":"\n<p>A fin de promover el deporte, y con la finalidad de apoyar no s\u00f3lo a la salud f\u00edsica sino tambi\u00e9n a la mental y emocional,&nbsp; el pr\u00f3ximo lunes 7 de febrero, inicia un curso de nataci\u00f3n en la Unidad Deportiva Javier Rojo G\u00f3mez de Tulancingo.<\/p>\n\n\n\n<p>Patricia Garc\u00eda, directora de este centro de fomento a las actividades f\u00edsicas, inform\u00f3 que las inscripciones para la citada actividad ya est\u00e1n abiertas.<\/p>\n\n\n\n<p>Cit\u00f3 que para formar parte, el costo es de 345 pesos por persona y se debe cubrir al momento de la recepci\u00f3n de documentos en las instalaciones de este espacio deportivo.&nbsp;&nbsp;<\/p>\n\n\n\n<p>Asimismo, dio a conocer los requisitos para integrarse, \u00e9stos son: dos fotos infantiles, copia del INE del tutor (si se es menor de edad), del CURP y tambi\u00e9n del comprobante de domicilio.<\/p>\n\n\n\n<p>De igual manera, se deben realizar un examen m\u00e9dico general y uno m\u00e1s antihongos en la Cruz Roja.<\/p>\n\n\n\n<p>Los interesados en participar en esta disciplina acu\u00e1tica deben llevar el siguiente material: Traje de ba\u00f1o deportivo (de una sola pieza, si es mujer), gorra para nataci\u00f3n, googles, sandalias y una toalla.<\/p>\n\n\n\n<p>Agreg\u00f3 que como se ha efectuado, y para seguridad de los asistentes, se llevan a cabo todas las medidas de prevenci\u00f3n y protocolos emitidos por el sector salud, para evitar contagios de Covid-19.&nbsp;<\/p>\n\n\n\n<p>Para concluir, invit\u00f3 a la ciudadan\u00eda a participar en estas clases que realiza la administraci\u00f3n que preside Jorge M\u00e1rquez y Alvarado,&nbsp; de quien uno de sus ejes principales, es darle&nbsp; difusi\u00f3n y total apoyo al deporte en pro de la salud de los tulancinguenses.<\/p>\n","protected":false},"excerpt":{"rendered":"<p>A fin de promover el deporte, y con la finalidad de apoyar no s\u00f3lo a la salud f\u00edsica sino tambi\u00e9n a la mental y emocional,&nbsp; el pr\u00f3ximo lunes 7 de febrero, inicia un curso de nataci\u00f3n en la Unidad Deportiva Javier Rojo G\u00f3mez de Tulancingo. Patricia Garc\u00eda, directora de este centro de fomento a las [&hellip;]<\/p>\n","protected":false},"author":93,"featured_media":201666,"comment_status":"closed","ping_status":"closed","sticky":false,"template":"","format":"standard","meta":{"footnotes":""},"categories":[15,40],"tags":[],"class_list":["post-201664","post","type-post","status-publish","format-standard","has-post-thumbnail","hentry","category-destacadas","category-region"],"_links":{"self":[{"href":"https:\/\/plazajuarez.mx\/historico\/wp-json\/wp\/v2\/posts\/201664","targetHints":{"allow":["GET"]}}],"collection":[{"href":"https:\/\/plazajuarez.mx\/historico\/wp-json\/wp\/v2\/posts"}],"about":[{"href":"https:\/\/plazajuarez.mx\/historico\/wp-json\/wp\/v2\/types\/post"}],"author":[{"embeddable":true,"href":"https:\/\/plazajuarez.mx\/historico\/wp-json\/wp\/v2\/users\/93"}],"replies":[{"embeddable":true,"href":"https:\/\/plazajuarez.mx\/historico\/wp-json\/wp\/v2\/comments?post=201664"}],"version-history":[{"count":0,"href":"https:\/\/plazajuarez.mx\/historico\/wp-json\/wp\/v2\/posts\/201664\/revisions"}],"wp:featuredmedia":[{"embeddable":true,"href":"https:\/\/plazajuarez.mx\/historico\/wp-json\/wp\/v2\/media\/201666"}],"wp:attachment":[{"href":"https:\/\/plazajuarez.mx\/historico\/wp-json\/wp\/v2\/media?parent=201664"}],"wp:term":[{"taxonomy":"category","embeddable":true,"href":"https:\/\/plazajuarez.mx\/historico\/wp-json\/wp\/v2\/categories?post=201664"},{"taxonomy":"post_tag","embeddable":true,"href":"https:\/\/plazajuarez.mx\/historico\/wp-json\/wp\/v2\/tags?post=201664"}],"curies":[{"name":"wp","href":"https:\/\/api.w.org\/{rel}","templated":true}]}}