{"id":2012,"date":"2015-03-10T06:00:00","date_gmt":"2015-03-10T06:00:00","guid":{"rendered":"http:\/\/plazajuarez.mx\/index\/index.php\/2015\/03\/10\/creara-ronda-uno-212-mil-empleos-preve-joaquin-coldwell\/"},"modified":"2015-03-10T06:00:00","modified_gmt":"2015-03-10T06:00:00","slug":"creara-ronda-uno-212-mil-empleos-preve-joaquin-coldwell","status":"publish","type":"post","link":"https:\/\/plazajuarez.mx\/historico\/creara-ronda-uno-212-mil-empleos-preve-joaquin-coldwell\/","title":{"rendered":"Crear\u00e1 Ronda Uno 212 mil empleos,  prev\u00e9 Joaqu\u00edn Coldwell"},"content":{"rendered":"<p>M\u00e9xico, DF.- El secretario de energ\u00eda, Pedro Joaqu\u00edn Coldwell anunci\u00f3 que la reforma energ\u00e9tica detonar\u00e1 inversiones por 62 mil 500 millones de d\u00f3lares en el periodo 2015-2018 con la creaci\u00f3n de 212 mil empleos directos e indirectos en las primeras dos licitaciones de la Ronda 1, que permite a empresas exploraci\u00f3n de hidrocarburos en aguas someras del Golfo de M\u00e9xico. El titular de la Sener, asegur\u00f3 que a poco m\u00e1s de 6 meses del inicio de la reforma energ\u00e9tica \u00e9sta avanza con eficiencia y agilidad.<\/p>\n<p>  <!--more-->  <\/p>\n<p>\u00a0<\/p>\n<p>Por su parte, el director general de Pemex, Emilio Lozoya estim\u00f3 que la inversi\u00f3n esperada en asociaciones y migraci\u00f3n de contratos en su fase productiva por toda la vigencia de los acuerdos ser\u00e1 de unos 76 mil millones de d\u00f3lares. (Agencias)<\/p>\n","protected":false},"excerpt":{"rendered":"<p>M\u00e9xico, DF.- El secretario de energ\u00eda, Pedro Joaqu\u00edn Coldwell anunci\u00f3 que la reforma energ\u00e9tica detonar\u00e1 inversiones por 62 mil 500 millones de d\u00f3lares en el periodo 2015-2018 con la creaci\u00f3n de 212 mil empleos directos e indirectos en las primeras dos licitaciones de la Ronda 1, que permite a empresas exploraci\u00f3n de hidrocarburos en aguas [&hellip;]<\/p>\n","protected":false},"author":93,"featured_media":0,"comment_status":"open","ping_status":"open","sticky":false,"template":"","format":"standard","meta":{"footnotes":""},"categories":[36],"tags":[],"class_list":["post-2012","post","type-post","status-publish","format-standard","hentry","category-nacion"],"_links":{"self":[{"href":"https:\/\/plazajuarez.mx\/historico\/wp-json\/wp\/v2\/posts\/2012","targetHints":{"allow":["GET"]}}],"collection":[{"href":"https:\/\/plazajuarez.mx\/historico\/wp-json\/wp\/v2\/posts"}],"about":[{"href":"https:\/\/plazajuarez.mx\/historico\/wp-json\/wp\/v2\/types\/post"}],"author":[{"embeddable":true,"href":"https:\/\/plazajuarez.mx\/historico\/wp-json\/wp\/v2\/users\/93"}],"replies":[{"embeddable":true,"href":"https:\/\/plazajuarez.mx\/historico\/wp-json\/wp\/v2\/comments?post=2012"}],"version-history":[{"count":0,"href":"https:\/\/plazajuarez.mx\/historico\/wp-json\/wp\/v2\/posts\/2012\/revisions"}],"wp:attachment":[{"href":"https:\/\/plazajuarez.mx\/historico\/wp-json\/wp\/v2\/media?parent=2012"}],"wp:term":[{"taxonomy":"category","embeddable":true,"href":"https:\/\/plazajuarez.mx\/historico\/wp-json\/wp\/v2\/categories?post=2012"},{"taxonomy":"post_tag","embeddable":true,"href":"https:\/\/plazajuarez.mx\/historico\/wp-json\/wp\/v2\/tags?post=2012"}],"curies":[{"name":"wp","href":"https:\/\/api.w.org\/{rel}","templated":true}]}}