{"id":201021,"date":"2022-01-28T07:19:56","date_gmt":"2022-01-28T13:19:56","guid":{"rendered":"https:\/\/plazajuarez.mx\/?p=201021"},"modified":"2022-01-28T07:20:10","modified_gmt":"2022-01-28T13:20:10","slug":"necesario-reforestar-para-recuperar-mantos-acuiferos-afirma-la-semarnath","status":"publish","type":"post","link":"https:\/\/plazajuarez.mx\/historico\/necesario-reforestar-para-recuperar-mantos-acuiferos-afirma-la-semarnath\/","title":{"rendered":"\u201cNecesario reforestar para recuperar mantos acu\u00edferos\u201d, afirma la Semarnath"},"content":{"rendered":"\n<p>El titular de la Secretar\u00eda de Medio Ambiente y Recursos Naturales de Hidalgo (Semarnath), Said Javier Estrella Garc\u00eda, inform\u00f3 que con el objetivo de recuperar mantos acu\u00edferos, se trabaja en el tema de reforestaci\u00f3n, as\u00ed como en algunos otros temas referentes al cuidado y tratamiento del agua.&nbsp;<\/p>\n\n\n\n<p>El funcionario destac\u00f3 que uno de los proyectos tiene que ver con el acu\u00edfero de Apan en donde se buscan los mejores esquemas de reforestaci\u00f3n en zonas de recarga a fin de que el acu\u00edfero pueda recuperarse y seguir abasteciendo como hasta ahora; de igual forma se\u00f1al\u00f3 que se trabaja en el tema jur\u00eddico para que la secretar\u00eda pueda entrar a trabajar en la laguna de Tecocomulco,&nbsp; en donde se busca darle cuidado y contribuir a su protecci\u00f3n ya que es uno de los humedales m\u00e1s importantes del pa\u00eds.&nbsp;<\/p>\n\n\n\n<p>Y otro de los temas que Estrella Garc\u00eda dijo que ocupan al gobierno hidalguense en la recta final de la administraci\u00f3n que encabeza Omar Fayad Meneses, es el referente al servicio ambiental de gran relevancia que presta el estado de Hidalgo, al abastecer a la Ciudad y Estado de M\u00e9xico de agua potable y por otro lado el servicio que presta al recibir de regreso las aguas negras por la cuenca del R\u00edo Tula.&nbsp;<\/p>\n\n\n\n<p>Por lo que enfatiz\u00f3 la necesidad de que se declare zona de restauraci\u00f3n ecol\u00f3gica en Tula, y destac\u00f3 que entre los temas muy delicados en materia ambiental se debe poner atenci\u00f3n en la reforestaci\u00f3n y recuperaci\u00f3n de acu\u00edferos, logrando entender la importancia de una administraci\u00f3n eficiente.<\/p>\n","protected":false},"excerpt":{"rendered":"<p>El titular de la Secretar\u00eda de Medio Ambiente y Recursos Naturales de Hidalgo (Semarnath), Said Javier Estrella Garc\u00eda, inform\u00f3 que con el objetivo de recuperar mantos acu\u00edferos, se trabaja en el tema de reforestaci\u00f3n, as\u00ed como en algunos otros temas referentes al cuidado y tratamiento del agua.&nbsp; El funcionario destac\u00f3 que uno de los proyectos [&hellip;]<\/p>\n","protected":false},"author":72,"featured_media":201022,"comment_status":"closed","ping_status":"closed","sticky":false,"template":"","format":"standard","meta":{"footnotes":""},"categories":[59],"tags":[],"class_list":["post-201021","post","type-post","status-publish","format-standard","has-post-thumbnail","hentry","category-general"],"_links":{"self":[{"href":"https:\/\/plazajuarez.mx\/historico\/wp-json\/wp\/v2\/posts\/201021","targetHints":{"allow":["GET"]}}],"collection":[{"href":"https:\/\/plazajuarez.mx\/historico\/wp-json\/wp\/v2\/posts"}],"about":[{"href":"https:\/\/plazajuarez.mx\/historico\/wp-json\/wp\/v2\/types\/post"}],"author":[{"embeddable":true,"href":"https:\/\/plazajuarez.mx\/historico\/wp-json\/wp\/v2\/users\/72"}],"replies":[{"embeddable":true,"href":"https:\/\/plazajuarez.mx\/historico\/wp-json\/wp\/v2\/comments?post=201021"}],"version-history":[{"count":0,"href":"https:\/\/plazajuarez.mx\/historico\/wp-json\/wp\/v2\/posts\/201021\/revisions"}],"wp:featuredmedia":[{"embeddable":true,"href":"https:\/\/plazajuarez.mx\/historico\/wp-json\/wp\/v2\/media\/201022"}],"wp:attachment":[{"href":"https:\/\/plazajuarez.mx\/historico\/wp-json\/wp\/v2\/media?parent=201021"}],"wp:term":[{"taxonomy":"category","embeddable":true,"href":"https:\/\/plazajuarez.mx\/historico\/wp-json\/wp\/v2\/categories?post=201021"},{"taxonomy":"post_tag","embeddable":true,"href":"https:\/\/plazajuarez.mx\/historico\/wp-json\/wp\/v2\/tags?post=201021"}],"curies":[{"name":"wp","href":"https:\/\/api.w.org\/{rel}","templated":true}]}}