{"id":201017,"date":"2022-01-28T07:17:40","date_gmt":"2022-01-28T13:17:40","guid":{"rendered":"https:\/\/plazajuarez.mx\/?p=201017"},"modified":"2022-01-28T07:17:50","modified_gmt":"2022-01-28T13:17:50","slug":"retratos-hablados-1134","status":"publish","type":"post","link":"https:\/\/plazajuarez.mx\/historico\/retratos-hablados-1134\/","title":{"rendered":"RETRATOS HABLADOS"},"content":{"rendered":"\n<p><\/p>\n\n\n\n<h2 class=\"wp-block-heading\"><strong>El que se equivoca\u2026 ya vali\u00f3<\/strong><\/h2>\n\n\n\n<p><\/p>\n\n\n\n<p>A poco menos de medio a\u00f1o para que se realice la elecci\u00f3n de quien ocupar\u00e1 la titularidad del Poder Ejecutivo en Hidalgo, pareciera que de manera repentina decidimos que ya no habr\u00eda otro tema de pl\u00e1tica y hasta de discusi\u00f3n, que elucubrar en torno a qui\u00e9n ser\u00e1 al final de una largu\u00edsima carrera que apenas empieza, el personaje que se alce con la victoria.<\/p>\n\n\n\n<p>Es mucho, demasiado tiempo para un marat\u00f3n en el que solo puede adelantarse que ganar\u00e1 por principio de cuentas, quien llegue a la meta, es decir al d\u00eda de los comicios, el 5 de junio, y tambi\u00e9n sepa administrarse, que no se trata de una carrera de velocidad, sino de aguante. Aguante en todo el sentido de la palabra.<\/p>\n\n\n\n<p>Pero tampoco se trata de dormirse en sus laureles, o jugarle al vivo como el cantante de Movimiento Ciudadano, que pareciera confundido si est\u00e1 en un proceso para elegir gobernador del Estado, o en la Academia de alguna televisora. Fiel a su estilo, dedica sus tardes de ocio a una bohemia feisbuquera. Sucede que en estos tiempos puede que le haya atinado a los gustos dis\u00edmbolos de las redes sociales.<\/p>\n\n\n\n<p>Sin embargo, el hecho fundamental es que con todo y que legalmente los tiempos de precampa\u00f1a y campa\u00f1a est\u00e1n claramente precisados, pareciera que es demasiada distracci\u00f3n el que se dedica a los pre tiempos, tiempos y pos tiempos de elecci\u00f3n. Porque no solo es algo que incumba a los suspirantes, sino a toda una sociedad que ve en la decisi\u00f3n de brindar su apoyo a uno o a otro, el momento justo en que pudiera definirse su propia vida.<\/p>\n\n\n\n<p>Imposible para una inmensa mayor\u00eda hacerse a un lado, y que sea la votaci\u00f3n al final de cuentas el \u00fanico y vital juicio.<\/p>\n\n\n\n<p>Pero el asunto es que la mism\u00edsima elecci\u00f3n empieza antes, mucho antes, y todos deben calibrar con meticulosidad hacia d\u00f3nde inclinar\u00e1n su predilecci\u00f3n. Equivocarse est\u00e1 vedado, castigado en todo el sentido de la palabra.<\/p>\n\n\n\n<p>De tal modo que como nunca un d\u00eda es posible amanecer con una opini\u00f3n abrumadora a favor de uno, otro de otra, y as\u00ed hasta el infinito.<\/p>\n\n\n\n<p>Sucede que nadie sabe a ciencia cierta, para d\u00f3nde se orientar\u00e1 la rosa de los vientos, porque de pronto hay huracanes, luego calma absoluta pero tensa, despu\u00e9s nubarrones con tormentas\u2026 y despu\u00e9s nada.<\/p>\n\n\n\n<p>Estamos como al principio, con todo lo que abundan los profetas y adivinos en estos momentos.<\/p>\n\n\n\n<p>Que la fuerza le acompa\u00f1e a usted que me lee, que los Dioses del Olimpo le permitan no equivocarse a la hora buena. Que tenga usted, larga vida y prosperidad, y absoluta resignaci\u00f3n si la riega y se equivoca.<\/p>\n\n\n\n<p><strong>Mil gracias, hasta el pr\u00f3ximo lunes.<\/strong><\/p>\n\n\n\n<p><a href=\"mailto:jeperalta@plazajuarez.mx\/historico\/historico\">jeperalta@plazajuarez.mx\/historico\/historico<\/a><\/p>\n\n\n\n<p>@JavierEPeralta<\/p>\n","protected":false},"excerpt":{"rendered":"<p>El que se equivoca\u2026 ya vali\u00f3 A poco menos de medio a\u00f1o para que se realice la elecci\u00f3n de quien ocupar\u00e1 la titularidad del Poder Ejecutivo en Hidalgo, pareciera que de manera repentina decidimos que ya no habr\u00eda otro tema de pl\u00e1tica y hasta de discusi\u00f3n, que elucubrar en torno a qui\u00e9n ser\u00e1 al final [&hellip;]<\/p>\n","protected":false},"author":10,"featured_media":0,"comment_status":"closed","ping_status":"closed","sticky":false,"template":"","format":"standard","meta":{"footnotes":""},"categories":[49,42],"tags":[],"class_list":["post-201017","post","type-post","status-publish","format-standard","hentry","category-javier-peralta","category-nuestrapalabra"],"_links":{"self":[{"href":"https:\/\/plazajuarez.mx\/historico\/wp-json\/wp\/v2\/posts\/201017","targetHints":{"allow":["GET"]}}],"collection":[{"href":"https:\/\/plazajuarez.mx\/historico\/wp-json\/wp\/v2\/posts"}],"about":[{"href":"https:\/\/plazajuarez.mx\/historico\/wp-json\/wp\/v2\/types\/post"}],"author":[{"embeddable":true,"href":"https:\/\/plazajuarez.mx\/historico\/wp-json\/wp\/v2\/users\/10"}],"replies":[{"embeddable":true,"href":"https:\/\/plazajuarez.mx\/historico\/wp-json\/wp\/v2\/comments?post=201017"}],"version-history":[{"count":0,"href":"https:\/\/plazajuarez.mx\/historico\/wp-json\/wp\/v2\/posts\/201017\/revisions"}],"wp:attachment":[{"href":"https:\/\/plazajuarez.mx\/historico\/wp-json\/wp\/v2\/media?parent=201017"}],"wp:term":[{"taxonomy":"category","embeddable":true,"href":"https:\/\/plazajuarez.mx\/historico\/wp-json\/wp\/v2\/categories?post=201017"},{"taxonomy":"post_tag","embeddable":true,"href":"https:\/\/plazajuarez.mx\/historico\/wp-json\/wp\/v2\/tags?post=201017"}],"curies":[{"name":"wp","href":"https:\/\/api.w.org\/{rel}","templated":true}]}}