{"id":201015,"date":"2022-01-28T07:15:25","date_gmt":"2022-01-28T13:15:25","guid":{"rendered":"https:\/\/plazajuarez.mx\/?p=201015"},"modified":"2022-01-28T07:15:43","modified_gmt":"2022-01-28T13:15:43","slug":"alfil-negro-2248","status":"publish","type":"post","link":"https:\/\/plazajuarez.mx\/historico\/alfil-negro-2248\/","title":{"rendered":"ALFIL NEGRO"},"content":{"rendered":"\n<p><\/p>\n\n\n\n<h2 class=\"wp-block-heading\"><strong>UN LIBRO<\/strong><\/h2>\n\n\n\n<p>Adalberto Peralta S.<\/p>\n\n\n\n<p>Un d\u00eda escribir\u00e9 un libro<\/p>\n\n\n\n<p>de recuerdos y cantos,<\/p>\n\n\n\n<p>de luci\u00e9rnagas locas,<\/p>\n\n\n\n<p>un pueblo y su laguna,<\/p>\n\n\n\n<p>de pi\u00f1atas repletas<\/p>\n\n\n\n<p>de mariposas rojas,<\/p>\n\n\n\n<p>donde naden peces<\/p>\n\n\n\n<p>y canten ruise\u00f1ores.<\/p>\n\n\n\n<p>Para contar ya noche<\/p>\n\n\n\n<p>cuando todo se calla,<\/p>\n\n\n\n<p>el respeto y cari\u00f1o<\/p>\n\n\n\n<p>De mis calles de piedra,<\/p>\n\n\n\n<p>por donde aunque ya se fueron<\/p>\n\n\n\n<p>caminan y platican<\/p>\n\n\n\n<p>saludan y hasta cantan<\/p>\n\n\n\n<p>abuelos y parientes.<\/p>\n\n\n\n<p>Y les dir\u00e9 un secreto&nbsp;<\/p>\n\n\n\n<p>que s\u00f3lo yo conozco,<\/p>\n\n\n\n<p>que en ese pueblo viejo<\/p>\n\n\n\n<p>nadie en verdad se muere,<\/p>\n\n\n\n<p>porque nadie se marcha<\/p>\n\n\n\n<p>s\u00f3lo cierran los ojos<\/p>\n\n\n\n<p>y siguen como siempre,<\/p>\n\n\n\n<p>los hombres en el campo<\/p>\n\n\n\n<p>las mujeres rezando o<\/p>\n\n\n\n<p>cosiendo en las puertas,<\/p>\n\n\n\n<p>los ni\u00f1os en el parque<\/p>\n\n\n\n<p>y pidiendo posada<\/p>\n\n\n\n<p>con esos ojos vivos<\/p>\n\n\n\n<p>abiertos para siempre.<\/p>\n\n\n\n<p>Voy a escribir un libro<\/p>\n\n\n\n<p>en que cuente el milagro<\/p>\n\n\n\n<p>de do\u00f1a Virgi\u00f1ita,<\/p>\n\n\n\n<p>Sacerdotisa y faro&nbsp;<\/p>\n\n\n\n<p>en los d\u00edas de tormenta,<\/p>\n\n\n\n<p>la que \u00c1ngel de granito<\/p>\n\n\n\n<p>estaba en el inicio<\/p>\n\n\n\n<p>de la vida en las casas,<\/p>\n\n\n\n<p>y cerraba los ojos&nbsp;<\/p>\n\n\n\n<p>de los que alguna tarde<\/p>\n\n\n\n<p>decid\u00edan que se iban.<\/p>\n\n\n\n<p>Y contar\u00e9 en detalle&nbsp;<\/p>\n\n\n\n<p>la vida y los milagros<\/p>\n\n\n\n<p>del &#8220;gorras&#8221;, un anciano<\/p>\n\n\n\n<p>que caminaba erguido<\/p>\n\n\n\n<p>con un abrigo verde,<\/p>\n\n\n\n<p>militar hac\u00eda mucho<\/p>\n\n\n\n<p>desfile con los ni\u00f1os<\/p>\n\n\n\n<p>arengas de combate,<\/p>\n\n\n\n<p>y que una noche incierta<\/p>\n\n\n\n<p>inicio larga marcha<\/p>\n\n\n\n<p>de la que no regresa,<\/p>\n\n\n\n<p>y las calles extra\u00f1an<\/p>\n\n\n\n<p>su voz ya en el combate,<\/p>\n\n\n\n<p>ordenando estrategias<\/p>\n\n\n\n<p>para estrellas y soles.<\/p>\n\n\n\n<p>Voy a escribir un libro<\/p>\n\n\n\n<p>en que cuente con llanto,<\/p>\n\n\n\n<p>por qu\u00e9 extra\u00f1o a mi madre<\/p>\n\n\n\n<p>y extra\u00f1o a mi padre,<\/p>\n\n\n\n<p>y por qu\u00e9 traigo el alma<\/p>\n\n\n\n<p>guardada en mil dobleces,<\/p>\n\n\n\n<p>mientras miro en la puerta<\/p>\n\n\n\n<p>para ver si regresa<\/p>\n\n\n\n<p>el hijo que se ha ido.<\/p>\n\n\n\n<p>Voy a escribir un libro<\/p>\n\n\n\n<p>con p\u00e1ginas de milpas&nbsp;<\/p>\n\n\n\n<p>horizontes de trigo<\/p>\n\n\n\n<p>e im\u00e1genes de plata.<\/p>\n\n\n\n<p>Y contar\u00e9 la tarde<\/p>\n\n\n\n<p>en que mir\u00e9 sus ojos<\/p>\n\n\n\n<p>de muchacha tan bella<\/p>\n\n\n\n<p>y de alegr\u00eda de cielo,<\/p>\n\n\n\n<p>en que entend\u00ed muy claro<\/p>\n\n\n\n<p>que juntos&nbsp; y ante todo,<\/p>\n\n\n\n<p>caminar\u00edamos siempre<\/p>\n\n\n\n<p>esto que llaman vida.<\/p>\n\n\n\n<p>Voy a escribir un libro&nbsp;<\/p>\n\n\n\n<p>en que dir\u00e9 con risas<\/p>\n\n\n\n<p>el regalo divino<\/p>\n\n\n\n<p>de tener a mis hijos,<\/p>\n\n\n\n<p>bendici\u00f3n que no acaba<\/p>\n\n\n\n<p>y raz\u00f3n del camino.<\/p>\n\n\n\n<p>Y en p\u00e1ginas recuerdo<\/p>\n\n\n\n<p>estar\u00e1n mis hermanos,<\/p>\n\n\n\n<p>mis amigos y el viento,<\/p>\n\n\n\n<p>el bosque y los mineros<\/p>\n\n\n\n<p>y tantas, tantas cosas<\/p>\n\n\n\n<p>que guardo aqu\u00ed en el alma.<\/p>\n\n\n\n<p>Voy a escribir un libro<\/p>\n\n\n\n<p>Ojal\u00e1 y tenga tiempo.<\/p>\n","protected":false},"excerpt":{"rendered":"<p>UN LIBRO Adalberto Peralta S. Un d\u00eda escribir\u00e9 un libro de recuerdos y cantos, de luci\u00e9rnagas locas, un pueblo y su laguna, de pi\u00f1atas repletas de mariposas rojas, donde naden peces y canten ruise\u00f1ores. Para contar ya noche cuando todo se calla, el respeto y cari\u00f1o De mis calles de piedra, por donde aunque ya [&hellip;]<\/p>\n","protected":false},"author":83,"featured_media":0,"comment_status":"closed","ping_status":"closed","sticky":false,"template":"","format":"standard","meta":{"footnotes":""},"categories":[48,42],"tags":[],"class_list":["post-201015","post","type-post","status-publish","format-standard","hentry","category-adalberto-peralta","category-nuestrapalabra"],"_links":{"self":[{"href":"https:\/\/plazajuarez.mx\/historico\/wp-json\/wp\/v2\/posts\/201015","targetHints":{"allow":["GET"]}}],"collection":[{"href":"https:\/\/plazajuarez.mx\/historico\/wp-json\/wp\/v2\/posts"}],"about":[{"href":"https:\/\/plazajuarez.mx\/historico\/wp-json\/wp\/v2\/types\/post"}],"author":[{"embeddable":true,"href":"https:\/\/plazajuarez.mx\/historico\/wp-json\/wp\/v2\/users\/83"}],"replies":[{"embeddable":true,"href":"https:\/\/plazajuarez.mx\/historico\/wp-json\/wp\/v2\/comments?post=201015"}],"version-history":[{"count":0,"href":"https:\/\/plazajuarez.mx\/historico\/wp-json\/wp\/v2\/posts\/201015\/revisions"}],"wp:attachment":[{"href":"https:\/\/plazajuarez.mx\/historico\/wp-json\/wp\/v2\/media?parent=201015"}],"wp:term":[{"taxonomy":"category","embeddable":true,"href":"https:\/\/plazajuarez.mx\/historico\/wp-json\/wp\/v2\/categories?post=201015"},{"taxonomy":"post_tag","embeddable":true,"href":"https:\/\/plazajuarez.mx\/historico\/wp-json\/wp\/v2\/tags?post=201015"}],"curies":[{"name":"wp","href":"https:\/\/api.w.org\/{rel}","templated":true}]}}