{"id":200868,"date":"2022-01-27T08:11:54","date_gmt":"2022-01-27T14:11:54","guid":{"rendered":"https:\/\/plazajuarez.mx\/?p=200868"},"modified":"2022-01-27T08:15:07","modified_gmt":"2022-01-27T14:15:07","slug":"laguna-de-voces-790","status":"publish","type":"post","link":"https:\/\/plazajuarez.mx\/historico\/laguna-de-voces-790\/","title":{"rendered":"LAGUNA DE VOCES"},"content":{"rendered":"\n<p><strong>\u00bfY despu\u00e9s del invierno?<\/strong><\/p>\n\n\n\n<p>He visto crecer la hierba del jard\u00edn aun cuando la lluvia hura\u00f1a no llega,\u00a0 y solo el polvo cubre la ciudad entera. Se asoma por las ma\u00f1anas, abre los ojos, y regresa a esconderse a la espera de que pase este invierno sin sentido, plagado de muertos, de enfermos que tosen los pulmones en los andenes del autob\u00fas al que tuvieron que ponerle el nombre de Tuzo, como si fuera un orgullo andar con los ojos colorados por tanta tierra, tanto fr\u00edo, pero sobre todo tanto miedo a contagiarse del que jala aire para no ahogarse y se pone morado antes de quedarse con la cara adormecida y las manos crispadas.<\/p>\n\n\n\n<p>Hay miedo en las calles, los trabajos, las oficinas, los hospitales, las cl\u00ednicas, las escuelas, hasta en la casa, con todo y galones de alcohol en gel,&nbsp; tapabocas, manos resecas de tanto lavarse, y una constante y machacona letan\u00eda de que aqu\u00ed no pasa nada, que todo estaba fr\u00edamente calculado, como si fuera asunto del Chapul\u00edn Colorado la muerte real, la que de un d\u00eda para otro apachurra sue\u00f1os, proyectos, la vida que al final de cuentas es lo \u00fanico seguro y que conocemos.<\/p>\n\n\n\n<p>Es el polvo que cobra venganza y factura pasada. Que se mete por todos lados y arropa los virus hoy tan diestros en mutarse, y del AHN1 hoy suma 2, 3, hasta 4 formas diferentes de presentarse, nada m\u00e1s para que nadie lo reconozca y vaya a querer hacerle algo.<\/p>\n\n\n\n<p>As\u00ed somos cuando toca la muerte cerca, tan cerca que se escucha en la puerta y se sabe que son nudillos de calavera los que insisten en que le abramos, que la dejemos pasar porque ya cubri\u00f3 la cuota de los lugares lejanos, el aviso de que tarde o temprano estar\u00e1 a metros de querer exigir nuevos pasajeros para un tren, no tuzob\u00fas, que partir\u00e1 apenas llene el cupo.<\/p>\n\n\n\n<p>Da miedo estornudar porque se hace uno sospechoso de ser portador del virus asesino, y entonces se saca pa\u00f1uelo desechable para sonarse ruidosamente la nariz, casi con \u00e1nimo de mostrar a diestra y siniestra, \u201cmiren, una simple gripe, nada de calentura, nada de dolor en el pecho, puros mocos de gripiento com\u00fan y corriente\u201d.<\/p>\n\n\n\n<p>Da por pensar si no estamos ante la primera llamada de lo que ser\u00e1 ese infierno de todos tan temido en que sea el aire, la respiraci\u00f3n por lo tanto, el principal canal de contagio, el primer paso al m\u00e1s all\u00e1.<\/p>\n\n\n\n<p>No, la hierba crece en el prado a pesar de todo, y es necia en levantarse todas las ma\u00f1anas y asomarse, mirar, sentir el polvo que entra por cualquier hendidura de las paredes. Pero no se deja a la desesperaci\u00f3n, por el contrario, crece con todo y contra todo.<\/p>\n\n\n\n<p>Solo que un d\u00eda la vea toda jorobada y moribunda, empezar\u00e9 a pensar que algo malo se acerca.<\/p>\n\n\n\n<p>Pero en tanto no sea as\u00ed, la lucha siempre se har\u00e1. Barreremos la tierra de las aceras, recogeremos hojas secas, y un d\u00eda cualquiera, sin que nos demos cuenta, saldr\u00e1 el sol con seriedad absoluta, cubrir\u00e1 la geograf\u00eda de nuestro miedo, y de nueva cuenta seremos los de antes, los que saben que la de nudillos huesudos nos rondan, pero hoy, por lo menos hoy, no habr\u00e1 de encontrarnos.<\/p>\n\n\n\n<p>Y si lo hace, algo podremos inventarle para que simplemente deje un aviso de que pas\u00f3 a saludarnos.<\/p>\n\n\n\n<p>Si en los jardines de toda la ciudad las hierbas que se comen flores se mantienen en su trabajo cotidiano de crecer, podemos tener la seguridad de que con todo y los que no pudieron brincar este invierno cruel, dejaron la oportunidad \u00fanica de conocerlos como nunca lo hab\u00edamos hecho, porque hay razones de sobra para aceptar que la muerte une a los que poco o nada se conocieron en vida.<\/p>\n\n\n\n<p>Pero, \u00bfy luego que pase el invierno?<\/p>\n\n\n\n<p><strong>Mil gracias, hasta ma\u00f1ana.<\/strong><\/p>\n\n\n\n<p>jeperalta@plazajuarez.mx\/historico\/historico<\/p>\n\n\n\n<p>@JavierEPeralta<\/p>\n","protected":false},"excerpt":{"rendered":"<p>\u00bfY despu\u00e9s del invierno? He visto crecer la hierba del jard\u00edn aun cuando la lluvia hura\u00f1a no llega,\u00a0 y solo el polvo cubre la ciudad entera. Se asoma por las ma\u00f1anas, abre los ojos, y regresa a esconderse a la espera de que pase este invierno sin sentido, plagado de muertos, de enfermos que tosen [&hellip;]<\/p>\n","protected":false},"author":10,"featured_media":182952,"comment_status":"closed","ping_status":"closed","sticky":false,"template":"","format":"standard","meta":{"footnotes":""},"categories":[49,42],"tags":[],"class_list":["post-200868","post","type-post","status-publish","format-standard","has-post-thumbnail","hentry","category-javier-peralta","category-nuestrapalabra"],"_links":{"self":[{"href":"https:\/\/plazajuarez.mx\/historico\/wp-json\/wp\/v2\/posts\/200868","targetHints":{"allow":["GET"]}}],"collection":[{"href":"https:\/\/plazajuarez.mx\/historico\/wp-json\/wp\/v2\/posts"}],"about":[{"href":"https:\/\/plazajuarez.mx\/historico\/wp-json\/wp\/v2\/types\/post"}],"author":[{"embeddable":true,"href":"https:\/\/plazajuarez.mx\/historico\/wp-json\/wp\/v2\/users\/10"}],"replies":[{"embeddable":true,"href":"https:\/\/plazajuarez.mx\/historico\/wp-json\/wp\/v2\/comments?post=200868"}],"version-history":[{"count":0,"href":"https:\/\/plazajuarez.mx\/historico\/wp-json\/wp\/v2\/posts\/200868\/revisions"}],"wp:featuredmedia":[{"embeddable":true,"href":"https:\/\/plazajuarez.mx\/historico\/wp-json\/wp\/v2\/media\/182952"}],"wp:attachment":[{"href":"https:\/\/plazajuarez.mx\/historico\/wp-json\/wp\/v2\/media?parent=200868"}],"wp:term":[{"taxonomy":"category","embeddable":true,"href":"https:\/\/plazajuarez.mx\/historico\/wp-json\/wp\/v2\/categories?post=200868"},{"taxonomy":"post_tag","embeddable":true,"href":"https:\/\/plazajuarez.mx\/historico\/wp-json\/wp\/v2\/tags?post=200868"}],"curies":[{"name":"wp","href":"https:\/\/api.w.org\/{rel}","templated":true}]}}