{"id":200866,"date":"2022-01-27T08:04:22","date_gmt":"2022-01-27T14:04:22","guid":{"rendered":"https:\/\/plazajuarez.mx\/?p=200866"},"modified":"2022-01-27T08:09:01","modified_gmt":"2022-01-27T14:09:01","slug":"alfil-negro-2247","status":"publish","type":"post","link":"https:\/\/plazajuarez.mx\/historico\/alfil-negro-2247\/","title":{"rendered":"ALFIL NEGRO"},"content":{"rendered":"\n<h2 class=\"wp-block-heading\"><strong>\u00bfY EL CANTANTE?<\/strong><\/h2>\n\n\n\n<p><\/p>\n\n\n\n<p>Faltan 15 d\u00edas para que terminen las precampa\u00f1as, y mientras JULIO MENCHACA Y CAROLINA VIGGIANO recorren los municipios del estado para estar en contacto con los ciudadanos del partido que los postul\u00f3 como aspirantes a la candidatura, con el trabajo natural de caminar por veredas y caminos, reunirse con los cuidados de salud por la pandemia, resulta qu\u00e9 hay un aspirante en particular que ni duda ni se acongoja para hacer precampa\u00f1a, porque dice tener un modo distinto de hacerla con transmisiones de canciones y en otras con videos ,con los que piensa llegar hasta la ciudadan\u00eda.<\/p>\n\n\n\n<p>El precandidato es Francisco Xavier, quien como se recordar\u00e1 intent\u00f3 ser el abanderado de Morena, pero ante la adversidad contra su intenci\u00f3n logr\u00f3 la precandidatura por Movimiento Ciudadano MC, quien le entreg\u00f3 esta oportunidad, en esas decisiones raras de algunos partidos de abrir sus puertas a personajes de fuera que ven en esto oportunidades para muchas cosas.<\/p>\n\n\n\n<p>El dice, en su cuenta de Facebook, llevar a cabo o por lo menos anuncia un modo distinto, en que privilegiar\u00e1 las visitas domiciliarias y una especie de funciones musicales por las redes sociales, que le permite recibir apoyos y peticiones musicales de ciudadanos.<\/p>\n\n\n\n<p>Finalmente son decisiones que deben tomar, \u00e9l como precandidato y con toda seguridad su partido, y decidir tambi\u00e9n el estilo y modo de su contacto con la militancia del partido, por ser precampa\u00f1a, que por ley se tiene&nbsp; que hacer con el partido que lo postula.<\/p>\n\n\n\n<p>Lo que no se ve muy correcto, a\u00fan en esta libertad para la precampa\u00f1a, es que mientras los otros aspirantes se toman, como debe ser muy en serio ponerse en contacto con los ciudadanos, este se\u00f1or que canta, no parece muy interesado en hacer precampa\u00f1a, por lo menos en el modo tradicional de hacerlas.<\/p>\n\n\n\n<p>Son hechos hasta curiosos que se dan en la actividad pol\u00edtica y que en nuestro estado no iba a ser la excepci\u00f3n.<\/p>\n\n\n\n<p>Sin embargo, este proceder tiene sus da\u00f1os colaterales primero en Morena y despu\u00e9s en todo el escenario del proceso electoral.<\/p>\n\n\n\n<p>Dice que es un modo&nbsp; distinto de hacer precampa\u00f1a, aunque tambi\u00e9n deja ver otro tipo de razones.<\/p>\n\n\n\n<p><strong>Al final ser\u00e1 un hecho que se recordar\u00e1 por curioso y hasta raro.<\/strong><\/p>\n","protected":false},"excerpt":{"rendered":"<p>\u00bfY EL CANTANTE? Faltan 15 d\u00edas para que terminen las precampa\u00f1as, y mientras JULIO MENCHACA Y CAROLINA VIGGIANO recorren los municipios del estado para estar en contacto con los ciudadanos del partido que los postul\u00f3 como aspirantes a la candidatura, con el trabajo natural de caminar por veredas y caminos, reunirse con los cuidados de [&hellip;]<\/p>\n","protected":false},"author":83,"featured_media":0,"comment_status":"closed","ping_status":"closed","sticky":false,"template":"","format":"standard","meta":{"footnotes":""},"categories":[48,42],"tags":[],"class_list":["post-200866","post","type-post","status-publish","format-standard","hentry","category-adalberto-peralta","category-nuestrapalabra"],"_links":{"self":[{"href":"https:\/\/plazajuarez.mx\/historico\/wp-json\/wp\/v2\/posts\/200866","targetHints":{"allow":["GET"]}}],"collection":[{"href":"https:\/\/plazajuarez.mx\/historico\/wp-json\/wp\/v2\/posts"}],"about":[{"href":"https:\/\/plazajuarez.mx\/historico\/wp-json\/wp\/v2\/types\/post"}],"author":[{"embeddable":true,"href":"https:\/\/plazajuarez.mx\/historico\/wp-json\/wp\/v2\/users\/83"}],"replies":[{"embeddable":true,"href":"https:\/\/plazajuarez.mx\/historico\/wp-json\/wp\/v2\/comments?post=200866"}],"version-history":[{"count":0,"href":"https:\/\/plazajuarez.mx\/historico\/wp-json\/wp\/v2\/posts\/200866\/revisions"}],"wp:attachment":[{"href":"https:\/\/plazajuarez.mx\/historico\/wp-json\/wp\/v2\/media?parent=200866"}],"wp:term":[{"taxonomy":"category","embeddable":true,"href":"https:\/\/plazajuarez.mx\/historico\/wp-json\/wp\/v2\/categories?post=200866"},{"taxonomy":"post_tag","embeddable":true,"href":"https:\/\/plazajuarez.mx\/historico\/wp-json\/wp\/v2\/tags?post=200866"}],"curies":[{"name":"wp","href":"https:\/\/api.w.org\/{rel}","templated":true}]}}