{"id":2001,"date":"2015-03-10T06:00:00","date_gmt":"2015-03-10T06:00:00","guid":{"rendered":"http:\/\/plazajuarez.mx\/index\/index.php\/2015\/03\/10\/develan-placa-tula-comunidad-segura\/"},"modified":"2015-03-10T06:00:00","modified_gmt":"2015-03-10T06:00:00","slug":"develan-placa-tula-comunidad-segura","status":"publish","type":"post","link":"https:\/\/plazajuarez.mx\/historico\/develan-placa-tula-comunidad-segura\/","title":{"rendered":"Develan placa: \u201cTula Comunidad Segura\u201d"},"content":{"rendered":"<p><strong>Tula de Allende<\/strong> <\/p>\n<ul>\n<li><strong>La Coordinadora Ciudadana<\/strong><strong> y tulenses ajenos a la organizaci\u00f3n se manifestaron en la Plaza del Nacionalismo, precisamente donde se hab\u00eda develado la placa<\/strong><\/li>\n<li><strong>Dijeron que la develaci\u00f3n de la placa era una burla, debido al incremento en delitos de alto impacto que se viven en el municipio <\/strong><\/li>\n<li><strong><strong>Aseguraron que los ciudadanos no se sienten seguros al salir a la calle, por lo que no se est\u00e1 cumpliendo con las funciones de seguridad p\u00fablica que plantea el gobierno municipal<\/strong><\/strong> <!--more--> <\/li>\n<\/ul>\n<p>Integrantes de la Coordinadora Ciudadana y tulenses ajenos a la organizaci\u00f3n se manifestaron en la Plaza del Nacionalismo, precisamente frente al lugar donde la ma\u00f1ana de ayer el gobierno municipal devel\u00f3 una placa alusiva a \u201cTula Comunidad Segura\u201d, los manifestantes calificaron la acci\u00f3n del edil Jaime Allende Gonz\u00e1lez como una burla, debido al incremento en delitos de alto impacto que se viven en el municipio.<\/p>\n<p>\u00a0<\/p>\n<p>Antes de la manifestaci\u00f3n el alcalde, Jaime Allende Gonz\u00e1lez, encabez\u00f3 el acto protocolario de izamiento de bandera y develaci\u00f3n de la placa que fue ubicada en uno de los prados del jard\u00edn de la Plaza del Nacionalismo, ah\u00ed el edil asegur\u00f3 que su administraci\u00f3n logr\u00f3 la certificaci\u00f3n como resultado de las pol\u00edticas p\u00fablicas en favor de la seguridad y acciones en cada uno de los rubros a favor de los tulenses.<\/p>\n<p>\u00a0<\/p>\n<p>Sin embargo, dos horas despu\u00e9s un grupo ciudadanos con cartulinas y pancartas llegaron hasta el lugar donde hab\u00eda sido develado la placa, que era custodiada por alrededor de una veintena de uniformados hombres y mujeres.<\/p>\n<p>\u00a0<\/p>\n<p>Los quejosos encabezados por Fernando Cruz Rodr\u00edguez dirigente de la Coordinadora Ciudadana, pidieron al secretario de Seguridad P\u00fablica, Carlos Ben\u00edtez Olivares, les permitiera tomarse una foto en el lugar y protestar de manera pac\u00edfica.<\/p>\n<p>\u00a0<\/p>\n<p>Cruz Rodr\u00edguez dijo a los medios de comunicaci\u00f3n que la protesta obedec\u00eda a que las acciones del gobierno local eran una burla a la inteligencia y dignidad de los tulenses y recalc\u00f3: \u201cM\u00e1s que una certificaci\u00f3n de una comunidad segura es una ofensa a la ciudadan\u00eda de Tula\u201d.<\/p>\n<p>\u00a0<\/p>\n<p>Fernando Cruz reiter\u00f3: \u201cLa CCC no est\u00e1 de acuerdo con el gobierno de Allende Gonz\u00e1lez por los actos de corrupci\u00f3n que la identifican, es por eso que exigimos una verdadera seguridad p\u00fablica y que se deje de amedrentarnos con la fuerza p\u00fablica\u201d.<\/p>\n<p>\u00a0<\/p>\n<p>Otros de los manifestantes, entre ellos j\u00f3venes, se\u00f1alaron que est\u00e1n inconformes por la forma en que se plantea que Tula es una comunidad segura, cuando los ciudadanos no se sienten seguros al salir a la calle, por lo que no se est\u00e1 cumpliendo con las funciones de seguridad p\u00fablica que plantea el gobierno municipal.<\/p>\n<p>\u00a0<\/p>\n<p>Dijeron que como ciudadanos ante ese tipo de enga\u00f1os se ven obligados a salir a manifestar su informidad, por la preocupaci\u00f3n que existe entre la sociedad.<\/p>\n<p>\u00a0<\/p>\n<p>Agregaron \u201cYa basta de que los presidentes municipales est\u00e9n siguiendo la orden de Pe\u00f1a Nieto de guardar las apariencias y tratar de ocultar toda la inseguridad que se vive en el pa\u00eds y de la que no escapa Tula\u201d.<\/p>\n<p>Tras la manifestaci\u00f3n el secretario de Seguridad P\u00fablica en Tula, Carlos Ben\u00edtez Olivares, dijo que la presencia de los uniformados se debi\u00f3 a resguardar el orden y garantizar que el espacio donde fue colocada la placa no fuera destruido. Por lo que en ning\u00fan momento se violentaron los derechos a manifestarse del grupo de ciudadanos.<\/p>\n<p>\u00a0<\/p>\n<p>Luego de la breve manifestaci\u00f3n frente a la placa que identifica a Tula como Comunidad Segura, el grupo de ciudadanos se retiraron caminando por la calzada Melchor Ocampo hasta el Teatro al Aire Libre donde culminaron sin incidentes la protesta.<\/p>\n","protected":false},"excerpt":{"rendered":"<p>Tula de Allende La Coordinadora Ciudadana y tulenses ajenos a la organizaci\u00f3n se manifestaron en la Plaza del Nacionalismo, precisamente donde se hab\u00eda develado la placa Dijeron que la develaci\u00f3n de la placa era una burla, debido al incremento en delitos de alto impacto que se viven en el municipio Aseguraron que los ciudadanos no [&hellip;]<\/p>\n","protected":false},"author":93,"featured_media":0,"comment_status":"open","ping_status":"open","sticky":false,"template":"","format":"standard","meta":{"footnotes":""},"categories":[40],"tags":[],"class_list":["post-2001","post","type-post","status-publish","format-standard","hentry","category-region"],"_links":{"self":[{"href":"https:\/\/plazajuarez.mx\/historico\/wp-json\/wp\/v2\/posts\/2001","targetHints":{"allow":["GET"]}}],"collection":[{"href":"https:\/\/plazajuarez.mx\/historico\/wp-json\/wp\/v2\/posts"}],"about":[{"href":"https:\/\/plazajuarez.mx\/historico\/wp-json\/wp\/v2\/types\/post"}],"author":[{"embeddable":true,"href":"https:\/\/plazajuarez.mx\/historico\/wp-json\/wp\/v2\/users\/93"}],"replies":[{"embeddable":true,"href":"https:\/\/plazajuarez.mx\/historico\/wp-json\/wp\/v2\/comments?post=2001"}],"version-history":[{"count":0,"href":"https:\/\/plazajuarez.mx\/historico\/wp-json\/wp\/v2\/posts\/2001\/revisions"}],"wp:attachment":[{"href":"https:\/\/plazajuarez.mx\/historico\/wp-json\/wp\/v2\/media?parent=2001"}],"wp:term":[{"taxonomy":"category","embeddable":true,"href":"https:\/\/plazajuarez.mx\/historico\/wp-json\/wp\/v2\/categories?post=2001"},{"taxonomy":"post_tag","embeddable":true,"href":"https:\/\/plazajuarez.mx\/historico\/wp-json\/wp\/v2\/tags?post=2001"}],"curies":[{"name":"wp","href":"https:\/\/api.w.org\/{rel}","templated":true}]}}