{"id":2000,"date":"2015-03-10T06:00:00","date_gmt":"2015-03-10T06:00:00","guid":{"rendered":"http:\/\/plazajuarez.mx\/index\/index.php\/2015\/03\/10\/consejo-de-colaboracion-entre-pueblos-del-occidente-de-tula-se-quejan-por-la-inseguridad\/"},"modified":"2015-03-10T06:00:00","modified_gmt":"2015-03-10T06:00:00","slug":"consejo-de-colaboracion-entre-pueblos-del-occidente-de-tula-se-quejan-por-la-inseguridad","status":"publish","type":"post","link":"https:\/\/plazajuarez.mx\/historico\/consejo-de-colaboracion-entre-pueblos-del-occidente-de-tula-se-quejan-por-la-inseguridad\/","title":{"rendered":"Consejo de Colaboraci\u00f3n Entre Pueblos del Occidente de Tula, se quejan por la inseguridad"},"content":{"rendered":"<p><strong>Tula de Allende<\/strong><\/p>\n<ul>\n<li><strong>Ante el alcalde, tambi\u00e9n le recuerdan que las 12 comunidades que conforman la organizaci\u00f3n enfrentan un considerable rezago en diversos rubros<\/strong><\/li>\n<li><strong><strong>Le pidieron se implementen estrategias que permitan preservar la seguridad de los ciudadanos y sus bienes.<\/strong><\/strong> <!--more--> <\/li>\n<\/ul>\n<p>Integrantes del Consejo de Colaboraci\u00f3n Entre Pueblos del Occidente de Tula, ayer por la ma\u00f1ana se reunieron con el alcalde, Jaime Allende Gonz\u00e1lez, para recordarle que las 12 comunidades que conforman la organizaci\u00f3n enfrentan un considerable rezago en diversos rubros, adem\u00e1s ante la inseguridad que se vive en sus localidades pidieron se implementen estrategias que permitan preservar la seguridad de los ciudadanos y sus bienes.<\/p>\n<p>\u00a0<\/p>\n<p>Los alrededor de 30 pobladores miembros del Consejo, encabezados por su dirigente Elfego Mart\u00ednez Jim\u00e9nez, se\u00f1alaron que en esta ocasi\u00f3n se enfocar\u00edan s\u00f3lo en dos temas que son: el considerable rezago que enfrentan en infraestructura carretera y la inseguridad.<\/p>\n<p>\u00a0<\/p>\n<p>Expusieron al edil cada una de las problem\u00e1ticas, resaltaron que si bien enfrentan una serie de necesidades una de las prioridades es la rehabilitaci\u00f3n de los camiones que conduce a cada uno de los pueblos del occidente y que en su mayor\u00eda se encuentran intransitables.<\/p>\n<p>\u00a0<\/p>\n<p>Elfego Mart\u00ednez recalc\u00f3 que si bien el Gobierno estatal inici\u00f3 los trabajos de pavimentaci\u00f3n de la carretera Tula-Michimaloya en su primera etapa resulta necesaria la conclusi\u00f3n de la importante v\u00eda carretera. En ese sentido coment\u00f3 que en el tramo donde ya se ejecutaron trabajos se observa deterioro en los mismos y que eso obedece a la mala calidad en los materiales. Lo mismo que en la Michimaloya-Santa Mar\u00eda Mac\u00faa.<\/p>\n<p>\u00a0<\/p>\n<p>Mart\u00ednez Jim\u00e9nez puntualiz\u00f3 todas los caminos se encuentran \u201cpara llorar\u201d y que por ese motivo no pod\u00edan se\u00f1alar cu\u00e1les son las de mayor prioridad, pero que esperaban que se hiciera un calendario para ir programando la rehabilitaci\u00f3n de las mismas.<\/p>\n<p>\u00a0<\/p>\n<p>En el mismo sentido varios de los asistentes se pronunciaron por exigir que se reparen los caminos, no sin antes recordar que el discurso del gobierno federal es que las v\u00edas de comunicaci\u00f3n son una prioridad.<\/p>\n<p>\u00a0<\/p>\n<p>Otro de los rubros que se abord\u00f3 en la reuni\u00f3n celebrada en la sala de cabildo, los pobladores dijeron no ser ajenos a la inseguridad, por lo que pidieron implementar las estrategias necesarias para la preservaci\u00f3n de la seguridad de los ciudadanos y sus bienes.<\/p>\n<p>\u00a0<\/p>\n<p>Jaime Allende Gonz\u00e1lez, luego de escuchar los planteamientos, dijo a los pobladores que su gobierno ha invertido recursos sin precedentes en la zona occidente del municipio, al ejecutarse en lo que va de su administraci\u00f3n alrededor de 100 obras, lo que significaba una inversi\u00f3n millonaria.<\/p>\n<p>\u00a0<\/p>\n<p>Se comprometi\u00f3 a dar seguimiento a las obras y acciones demandadas por los colonos, y que para lograrlo ya se afinaban estrategias para la ejecuci\u00f3n de las mismas de acuerdo a las prioridad que establezcan las mismas autoridades delegacionales por consenso los habitantes de cada una de las localidades de la zona occidente del municipio.<\/p>\n<p>\u00a0<\/p>\n<p>En el tema de seguridad precis\u00f3 que se trabaja con los delegados en acciones conjuntas, adelant\u00f3 que en el entronque de la carretera Mac\u00faa-H\u00e9roes Carraza se instalar\u00e1 un m\u00f3dulo de vigilancia y que se incrementar\u00e1 de dos a tres el n\u00famero de patrullas que est\u00e1n de manera permanente en la zona.<\/p>\n<p>\u00a0<\/p>\n<p>En cuanto a la queja de los malos trabajos de las pavimentaciones inconclusas de las carreteras Michimaloya-San Miguel de las Piedras y Michimaloya-Xijay de Cuauht\u00e9moc, inform\u00f3 que no han recibido las obras, por lo que exigir\u00e1n se reparen las deficiencias.<\/p>\n<p>\u00a0<\/p>\n<p>Por \u00faltimo, en la reuni\u00f3n donde el alcalde estuvo acompa\u00f1ado de algunos asamble\u00edstas y del director de Obras P\u00fablicas, Carlos Garc\u00eda Gonzaga, y el secretario municipal Helmer Becerra, comprometi\u00f3 tambi\u00e9n en pr\u00f3ximos d\u00edas el arranque del reencarpetamiento de la carretera de acceso a la comunidad de Xitej\u00e9 de la Reforma.<\/p>\n","protected":false},"excerpt":{"rendered":"<p>Tula de Allende Ante el alcalde, tambi\u00e9n le recuerdan que las 12 comunidades que conforman la organizaci\u00f3n enfrentan un considerable rezago en diversos rubros Le pidieron se implementen estrategias que permitan preservar la seguridad de los ciudadanos y sus bienes.<\/p>\n","protected":false},"author":93,"featured_media":0,"comment_status":"open","ping_status":"open","sticky":false,"template":"","format":"standard","meta":{"footnotes":""},"categories":[40],"tags":[],"class_list":["post-2000","post","type-post","status-publish","format-standard","hentry","category-region"],"_links":{"self":[{"href":"https:\/\/plazajuarez.mx\/historico\/wp-json\/wp\/v2\/posts\/2000","targetHints":{"allow":["GET"]}}],"collection":[{"href":"https:\/\/plazajuarez.mx\/historico\/wp-json\/wp\/v2\/posts"}],"about":[{"href":"https:\/\/plazajuarez.mx\/historico\/wp-json\/wp\/v2\/types\/post"}],"author":[{"embeddable":true,"href":"https:\/\/plazajuarez.mx\/historico\/wp-json\/wp\/v2\/users\/93"}],"replies":[{"embeddable":true,"href":"https:\/\/plazajuarez.mx\/historico\/wp-json\/wp\/v2\/comments?post=2000"}],"version-history":[{"count":0,"href":"https:\/\/plazajuarez.mx\/historico\/wp-json\/wp\/v2\/posts\/2000\/revisions"}],"wp:attachment":[{"href":"https:\/\/plazajuarez.mx\/historico\/wp-json\/wp\/v2\/media?parent=2000"}],"wp:term":[{"taxonomy":"category","embeddable":true,"href":"https:\/\/plazajuarez.mx\/historico\/wp-json\/wp\/v2\/categories?post=2000"},{"taxonomy":"post_tag","embeddable":true,"href":"https:\/\/plazajuarez.mx\/historico\/wp-json\/wp\/v2\/tags?post=2000"}],"curies":[{"name":"wp","href":"https:\/\/api.w.org\/{rel}","templated":true}]}}