{"id":199459,"date":"2022-01-16T18:07:56","date_gmt":"2022-01-17T00:07:56","guid":{"rendered":"https:\/\/plazajuarez.mx\/?p=199459"},"modified":"2022-01-16T18:10:50","modified_gmt":"2022-01-17T00:10:50","slug":"balacera-en-central-de-abastos-de-tulancingo-deja-un-muerto","status":"publish","type":"post","link":"https:\/\/plazajuarez.mx\/historico\/balacera-en-central-de-abastos-de-tulancingo-deja-un-muerto\/","title":{"rendered":"Balacera en central de abastos de Tulancingo deja un muerto"},"content":{"rendered":"\n<p>La tarde de este domingo se suscit\u00f3 una balacera en plena central de abastos del municipio de Tulancingo, luego de una primera agresi\u00f3n al interior de un veh\u00edculo sobre la carretera federal M\u00e9xico \u2013 Tuxpan, a la altura del puente de La Morena, donde viajaban presuntamente dos hombres y una mujer.<\/p>\n\n\n\n<p>De acuerdo con los primeros reportes, uno de los varones le dispar\u00f3 al otro al interior del veh\u00edculo y sali\u00f3 huyendo con rumbo a una de las bodegas de Pifsal, donde quiso ocultarse y amag\u00f3 a comerciantes.<\/p>\n\n\n\n<p>El agresor fue identificado por uno de los elementos estatales cuando arribaron al sitio, por lo que le dispar\u00f3 por lo menos en dos ocasiones, lesion\u00e1ndolo.<\/p>\n\n\n\n<p>Ante la nueva agresi\u00f3n los elementos estatales repelieron y abatieron al sujeto al interior de la bodega, por lo que la zona fue acordonada hasta el arribo de agentes del ministerio p\u00fablico.<\/p>\n\n\n\n<p>El elemento de la polic\u00eda estatal, as\u00ed como el tripulante del Jetta color rojo, fueron trasladados por los servicios de emergencia a dos nosocomios de Tulancingo para su atenci\u00f3n m\u00e9dica.<\/p>\n\n\n\n<p><\/p>\n\n\n\n<iframe loading=\"lazy\" src=\"https:\/\/www.facebook.com\/plugins\/video.php?height=476&#038;href=https%3A%2F%2Fwww.facebook.com%2Fdiarioplazajuarez%2Fvideos%2F426884402516077%2F&#038;show_text=false&#038;width=261&#038;t=0\" width=\"261\" height=\"476\" style=\"border:none;overflow:hidden\" scrolling=\"no\" frameborder=\"0\" allowfullscreen=\"true\" allow=\"autoplay; clipboard-write; encrypted-media; picture-in-picture; web-share\" allowFullScreen=\"true\"><\/iframe>\n","protected":false},"excerpt":{"rendered":"<p>La tarde de este domingo se suscit\u00f3 una balacera en plena central de abastos del municipio de Tulancingo, luego de una primera agresi\u00f3n al interior de un veh\u00edculo sobre la carretera federal M\u00e9xico \u2013 Tuxpan, a la altura del puente de La Morena, donde viajaban presuntamente dos hombres y una mujer. De acuerdo con los [&hellip;]<\/p>\n","protected":false},"author":93,"featured_media":0,"comment_status":"closed","ping_status":"closed","sticky":false,"template":"","format":"standard","meta":{"footnotes":""},"categories":[15,2159],"tags":[],"class_list":["post-199459","post","type-post","status-publish","format-standard","hentry","category-destacadas","category-noticias-de-hidalgo"],"_links":{"self":[{"href":"https:\/\/plazajuarez.mx\/historico\/wp-json\/wp\/v2\/posts\/199459","targetHints":{"allow":["GET"]}}],"collection":[{"href":"https:\/\/plazajuarez.mx\/historico\/wp-json\/wp\/v2\/posts"}],"about":[{"href":"https:\/\/plazajuarez.mx\/historico\/wp-json\/wp\/v2\/types\/post"}],"author":[{"embeddable":true,"href":"https:\/\/plazajuarez.mx\/historico\/wp-json\/wp\/v2\/users\/93"}],"replies":[{"embeddable":true,"href":"https:\/\/plazajuarez.mx\/historico\/wp-json\/wp\/v2\/comments?post=199459"}],"version-history":[{"count":0,"href":"https:\/\/plazajuarez.mx\/historico\/wp-json\/wp\/v2\/posts\/199459\/revisions"}],"wp:attachment":[{"href":"https:\/\/plazajuarez.mx\/historico\/wp-json\/wp\/v2\/media?parent=199459"}],"wp:term":[{"taxonomy":"category","embeddable":true,"href":"https:\/\/plazajuarez.mx\/historico\/wp-json\/wp\/v2\/categories?post=199459"},{"taxonomy":"post_tag","embeddable":true,"href":"https:\/\/plazajuarez.mx\/historico\/wp-json\/wp\/v2\/tags?post=199459"}],"curies":[{"name":"wp","href":"https:\/\/api.w.org\/{rel}","templated":true}]}}