{"id":199456,"date":"2022-01-16T16:06:19","date_gmt":"2022-01-16T22:06:19","guid":{"rendered":"https:\/\/plazajuarez.mx\/?p=199456"},"modified":"2022-01-16T16:06:32","modified_gmt":"2022-01-16T22:06:32","slug":"los-verdaderos-enemigos-son-la-pobreza-la-inseguridad-y-la-falta-de-oportunidades-julio-menchaca","status":"publish","type":"post","link":"https:\/\/plazajuarez.mx\/historico\/los-verdaderos-enemigos-son-la-pobreza-la-inseguridad-y-la-falta-de-oportunidades-julio-menchaca\/","title":{"rendered":"Los verdaderos enemigos son la pobreza, la inseguridad y la falta de oportunidades: Julio Menchaca"},"content":{"rendered":"\n<p>Durante su visita por la Huasteca, el precandidato \u00fanico de Morena se reuni\u00f3 con militantes en Huejutla y Atlapexco<\/p>\n\n\n\n<p>\u201cLos verdaderos enemigos son la pobreza, la inseguridad y la falta de oportunidades, que han lastimado a Hidalgo durante mucho tiempo\u201d, asegur\u00f3 Julio Menchaca Salazar, precandidato \u00fanico de Morena, ante militantes y simpatizantes del partido durante su visita a Huejutla y Atlapexco.<\/p>\n\n\n\n<p>Menchaca entabl\u00f3 un encuentro cercano con la militancia del partido guinda para escuchar las inquietudes y problem\u00e1ticas que prevalecen en la regi\u00f3n.<\/p>\n\n\n\n<p>En su oportunidad, el precandidato coment\u00f3 que estas adversidades son comunes no solo en la Sierra y en la Huasteca, sino en cada rinc\u00f3n del pa\u00eds, pero particularmente en Hidalgo.<\/p>\n\n\n\n<p>\u201cEsta es una se\u00f1al clara de que ha transcurrido el tiempo y quienes teniendo la oportunidad de modificarla, solamente se han dedicado a enriquecerse, dejando una estela de pobreza. Vivimos en un estado rico, con gente pobre\u201d, lament\u00f3 Julio Menchaca.<\/p>\n\n\n\n<p>Al respecto, afirm\u00f3 que con la transformaci\u00f3n del pa\u00eds y con la transformaci\u00f3n de Hidalgo, la situaci\u00f3n debe de cambiar, siguiendo el ejemplo del 2018, con la participaci\u00f3n masiva de los militantes y simpatizantes de Morena y del proyecto del presidente de M\u00e9xico.<\/p>\n\n\n\n<p>Resalt\u00f3 tambi\u00e9n que el movimiento de la 4T est\u00e1 integrado por mujeres y hombres valientes, que han manifestado su deseo de cambio.<\/p>\n\n\n\n<p>El precandidato guinda agradeci\u00f3 las muestras de cari\u00f1o de las y los morenistas de la Huasteca, quienes se suman al proyecto de transformaci\u00f3n que representa.<\/p>\n\n\n\n<p>Para finalizar, el abanderado morenista afirm\u00f3: \u201cTenemos un ejemplo, y lo vamos a seguir. Y ese ejemplo se llama Andr\u00e9s Manuel L\u00f3pez Obrador.\u201d<\/p>\n","protected":false},"excerpt":{"rendered":"<p>Durante su visita por la Huasteca, el precandidato \u00fanico de Morena se reuni\u00f3 con militantes en Huejutla y Atlapexco \u201cLos verdaderos enemigos son la pobreza, la inseguridad y la falta de oportunidades, que han lastimado a Hidalgo durante mucho tiempo\u201d, asegur\u00f3 Julio Menchaca Salazar, precandidato \u00fanico de Morena, ante militantes y simpatizantes del partido durante [&hellip;]<\/p>\n","protected":false},"author":93,"featured_media":199457,"comment_status":"closed","ping_status":"closed","sticky":false,"template":"","format":"standard","meta":{"footnotes":""},"categories":[15,2159],"tags":[],"class_list":["post-199456","post","type-post","status-publish","format-standard","has-post-thumbnail","hentry","category-destacadas","category-noticias-de-hidalgo"],"_links":{"self":[{"href":"https:\/\/plazajuarez.mx\/historico\/wp-json\/wp\/v2\/posts\/199456","targetHints":{"allow":["GET"]}}],"collection":[{"href":"https:\/\/plazajuarez.mx\/historico\/wp-json\/wp\/v2\/posts"}],"about":[{"href":"https:\/\/plazajuarez.mx\/historico\/wp-json\/wp\/v2\/types\/post"}],"author":[{"embeddable":true,"href":"https:\/\/plazajuarez.mx\/historico\/wp-json\/wp\/v2\/users\/93"}],"replies":[{"embeddable":true,"href":"https:\/\/plazajuarez.mx\/historico\/wp-json\/wp\/v2\/comments?post=199456"}],"version-history":[{"count":0,"href":"https:\/\/plazajuarez.mx\/historico\/wp-json\/wp\/v2\/posts\/199456\/revisions"}],"wp:featuredmedia":[{"embeddable":true,"href":"https:\/\/plazajuarez.mx\/historico\/wp-json\/wp\/v2\/media\/199457"}],"wp:attachment":[{"href":"https:\/\/plazajuarez.mx\/historico\/wp-json\/wp\/v2\/media?parent=199456"}],"wp:term":[{"taxonomy":"category","embeddable":true,"href":"https:\/\/plazajuarez.mx\/historico\/wp-json\/wp\/v2\/categories?post=199456"},{"taxonomy":"post_tag","embeddable":true,"href":"https:\/\/plazajuarez.mx\/historico\/wp-json\/wp\/v2\/tags?post=199456"}],"curies":[{"name":"wp","href":"https:\/\/api.w.org\/{rel}","templated":true}]}}