{"id":199419,"date":"2022-01-15T23:50:50","date_gmt":"2022-01-16T05:50:50","guid":{"rendered":"https:\/\/plazajuarez.mx\/?p=199419"},"modified":"2022-01-15T23:51:02","modified_gmt":"2022-01-16T05:51:02","slug":"solicitan-a-transportistas-reducir-el-numero-de-pasajeros","status":"publish","type":"post","link":"https:\/\/plazajuarez.mx\/historico\/solicitan-a-transportistas-reducir-el-numero-de-pasajeros\/","title":{"rendered":"Solicitan a transportistas reducir el n\u00famero de pasajeros"},"content":{"rendered":"\n<p class=\"wp-block-paragraph\"><strong>Tizayuca<\/strong>.- Habitantes solicitan a las autoridades de Tr\u00e1nsito y Vialidad, pidan a los conductores del transporte p\u00fablico en Tizayuca que reduzcan el n\u00famero de pasajeros que llevan, ya que suben en las unidades un gran n\u00famero de personas, por lo que es imposible respetar la sana distancia.\u00a0<\/p>\n\n\n\n<p class=\"wp-block-paragraph\">Cabe recordar que el pasado 12 de enero se realiz\u00f3 una jornada de sanitizaci\u00f3n en las unidades.&nbsp;<\/p>\n\n\n\n<p class=\"wp-block-paragraph\">Sin embargo los pasajeros refieren que esta sanitizaci\u00f3n s\u00f3lo la llevan a cabo cuando est\u00e1n presentes las autoridades del municipio. Es por ello que los invitan a que suban a cualquier alguna ruta sorpresivamente, en cualquier otro d\u00eda y verifiquen que las medidas de salud no se est\u00e1n implementando de manera adecuada: suben a muchos pasajeros y no les exigen que porten el cubrebocas.&nbsp;<\/p>\n\n\n\n<p class=\"wp-block-paragraph\">Adem\u00e1s, hay conductores que no limpian sus unidades, otros no cuentan con buena ventilaci\u00f3n las ventanas, y las llevan cerradas. Por si fuera poco suben m\u00e1s personas que tienen que transportarse de pie en las unidades, como en el caso de las combis.&nbsp;<\/p>\n\n\n\n<p class=\"wp-block-paragraph\">La molestia que causan los pasajeros que no portan su cubrebocas, es para quienes s\u00ed se protegen del virus de la Covid-19. A muchos otros les vale y no son conscientes de la dem\u00e1s poblaci\u00f3n, as\u00ed lo refiri\u00f3 la se\u00f1ora Arcelia Galindo.&nbsp;<\/p>\n\n\n\n<p class=\"wp-block-paragraph\">Indic\u00f3 que, lamentablemente, contagian a otras personas y ellos como si nada, esto sigue afectando a muchas familias tizayuquenses.&nbsp;<\/p>\n","protected":false},"excerpt":{"rendered":"<p>Tizayuca.- Habitantes solicitan a las autoridades de Tr\u00e1nsito y Vialidad, pidan a los conductores del transporte p\u00fablico en Tizayuca que reduzcan el n\u00famero de pasajeros que llevan, ya que suben en las unidades un gran n\u00famero de personas, por lo que es imposible respetar la sana distancia.\u00a0 Cabe recordar que el pasado 12 de enero [&hellip;]<\/p>\n","protected":false},"author":78,"featured_media":199421,"comment_status":"closed","ping_status":"closed","sticky":false,"template":"","format":"standard","meta":{"footnotes":""},"categories":[2159,40],"tags":[],"class_list":["post-199419","post","type-post","status-publish","format-standard","has-post-thumbnail","hentry","category-noticias-de-hidalgo","category-region"],"_links":{"self":[{"href":"https:\/\/plazajuarez.mx\/historico\/wp-json\/wp\/v2\/posts\/199419","targetHints":{"allow":["GET"]}}],"collection":[{"href":"https:\/\/plazajuarez.mx\/historico\/wp-json\/wp\/v2\/posts"}],"about":[{"href":"https:\/\/plazajuarez.mx\/historico\/wp-json\/wp\/v2\/types\/post"}],"author":[{"embeddable":true,"href":"https:\/\/plazajuarez.mx\/historico\/wp-json\/wp\/v2\/users\/78"}],"replies":[{"embeddable":true,"href":"https:\/\/plazajuarez.mx\/historico\/wp-json\/wp\/v2\/comments?post=199419"}],"version-history":[{"count":0,"href":"https:\/\/plazajuarez.mx\/historico\/wp-json\/wp\/v2\/posts\/199419\/revisions"}],"wp:featuredmedia":[{"embeddable":true,"href":"https:\/\/plazajuarez.mx\/historico\/wp-json\/wp\/v2\/media\/199421"}],"wp:attachment":[{"href":"https:\/\/plazajuarez.mx\/historico\/wp-json\/wp\/v2\/media?parent=199419"}],"wp:term":[{"taxonomy":"category","embeddable":true,"href":"https:\/\/plazajuarez.mx\/historico\/wp-json\/wp\/v2\/categories?post=199419"},{"taxonomy":"post_tag","embeddable":true,"href":"https:\/\/plazajuarez.mx\/historico\/wp-json\/wp\/v2\/tags?post=199419"}],"curies":[{"name":"wp","href":"https:\/\/api.w.org\/{rel}","templated":true}]}}