{"id":19933,"date":"2016-04-18T13:24:37","date_gmt":"2016-04-18T13:24:37","guid":{"rendered":"http:\/\/plazajuarez.mx\/index\/index.php\/2016\/04\/18\/asalto-y-robos-en-tezontepec-y-progreso\/"},"modified":"2016-04-18T13:24:37","modified_gmt":"2016-04-18T13:24:37","slug":"asalto-y-robos-en-tezontepec-y-progreso","status":"publish","type":"post","link":"https:\/\/plazajuarez.mx\/historico\/asalto-y-robos-en-tezontepec-y-progreso\/","title":{"rendered":"ASALTO Y  ROBOS EN  TEZONTEPEC  Y PROGRESO"},"content":{"rendered":"<p>LA POLIC\u00cdA YA INVESTIGA<\/p>\n<p>  <!--more-->  <\/p>\n<p>\u00a0<\/p>\n<p>Un asalto a mano armada tuvo lugar en el municipio de Tezontepec de Aldama y en Progreso de Obreg\u00f3n amantes de lo ajeno desaparecieron una motoneta y un auto compacto, cuyos afectados acudieron a la agencia del Ministerio P\u00fablico a interponer sus respectivas denuncias.<\/p>\n<p>En Tezontepec de Aldama se report\u00f3 que un masculino con arma de fuego intercept\u00f3 a un repartidor de refrescos, para despu\u00e9s de someterlo, despojarlo de m\u00e1s de 4 mil pesos en efectivo, producto de la cuenta del d\u00eda.<\/p>\n<p>El agraviado detall\u00f3 que luego de cometerse el il\u00edcito el delincuente se dio a la fuga no sin antes advertirle que no se atreviera a denunciar.<\/p>\n<p>As\u00ed mismo\u00a0 en Progreso se present\u00f3 la denuncia por el robo de una motoneta DS-150, color amarilla con plata, que fue robada de la vivienda ubicada en la calle Guadalupe Victoria n\u00famero 44, por lo que se pide a las Polic\u00edas Municipal y Estatal el apoyo para localizar la unidad \u00a0en Progreso de Obreg\u00f3n.<\/p>\n<p>Finalmente en el mismo municipio \u00a0personas extra\u00f1as se las ingeniaron para robar un auto Volkswagen, tipo Jetta color azul, modelo 1992 con placas HNS-22-14, que se encontraba estacionado a las afueras de una discoteca.<\/p>\n","protected":false},"excerpt":{"rendered":"<p>LA POLIC\u00cdA YA INVESTIGA<\/p>\n","protected":false},"author":93,"featured_media":0,"comment_status":"open","ping_status":"open","sticky":false,"template":"","format":"standard","meta":{"footnotes":""},"categories":[37],"tags":[],"class_list":["post-19933","post","type-post","status-publish","format-standard","hentry","category-barandilla"],"_links":{"self":[{"href":"https:\/\/plazajuarez.mx\/historico\/wp-json\/wp\/v2\/posts\/19933","targetHints":{"allow":["GET"]}}],"collection":[{"href":"https:\/\/plazajuarez.mx\/historico\/wp-json\/wp\/v2\/posts"}],"about":[{"href":"https:\/\/plazajuarez.mx\/historico\/wp-json\/wp\/v2\/types\/post"}],"author":[{"embeddable":true,"href":"https:\/\/plazajuarez.mx\/historico\/wp-json\/wp\/v2\/users\/93"}],"replies":[{"embeddable":true,"href":"https:\/\/plazajuarez.mx\/historico\/wp-json\/wp\/v2\/comments?post=19933"}],"version-history":[{"count":0,"href":"https:\/\/plazajuarez.mx\/historico\/wp-json\/wp\/v2\/posts\/19933\/revisions"}],"wp:attachment":[{"href":"https:\/\/plazajuarez.mx\/historico\/wp-json\/wp\/v2\/media?parent=19933"}],"wp:term":[{"taxonomy":"category","embeddable":true,"href":"https:\/\/plazajuarez.mx\/historico\/wp-json\/wp\/v2\/categories?post=19933"},{"taxonomy":"post_tag","embeddable":true,"href":"https:\/\/plazajuarez.mx\/historico\/wp-json\/wp\/v2\/tags?post=19933"}],"curies":[{"name":"wp","href":"https:\/\/api.w.org\/{rel}","templated":true}]}}