{"id":19932,"date":"2016-04-18T13:24:19","date_gmt":"2016-04-18T13:24:19","guid":{"rendered":"http:\/\/plazajuarez.mx\/index\/index.php\/2016\/04\/18\/rechazan-que-grupo-denominado-los-laredo-sea-otro-cartel\/"},"modified":"2016-04-18T13:24:19","modified_gmt":"2016-04-18T13:24:19","slug":"rechazan-que-grupo-denominado-los-laredo-sea-otro-cartel","status":"publish","type":"post","link":"https:\/\/plazajuarez.mx\/historico\/rechazan-que-grupo-denominado-los-laredo-sea-otro-cartel\/","title":{"rendered":"RECHAZAN QUE GRUPO DENOMINADO  &#8220;LOS LAREDO&#8221; SEA OTRO C\u00c1RTEL"},"content":{"rendered":"<p>EN MORELOS<\/p>\n<p><strong>Morelos no reconoce la presencia del c\u00e1rtel denominado \u201cLos Laredo\u201d, sino el intento de \u201cLa Familia Michoacana\u201d de extenderse<\/strong><\/p>\n<p>  <!--more-->  <\/p>\n<p>\u00a0<\/p>\n<p>El Gobierno de Morelos no reconoce presencia del c\u00e1rtel denominado \u201cLos Laredo\u201d, sino el intento de \u201cLa Familia Michoacana\u201d de extender sus actividades en la entidad, ello en respuesta al Departamento del Tesoro de Estados Unidos sobre el grupo delictivo con sede en Cuernavaca.<\/p>\n<p>Se precis\u00f3 que Cuernavaca no es centro de producci\u00f3n de hero\u00edna ni de operaci\u00f3n de c\u00e1rtel alguno, ya que la reciente administraci\u00f3n trabaja para romper complicidades como las que durante a\u00f1os consintieron el establecimiento de c\u00e1rteles de Beltr\u00e1n Leyva y Amado Carrillo.<\/p>\n<p>&#8220;Se trata de la \u201cFamilia Michoacana\u201d. Ante la contundencia de la informaci\u00f3n de Morelos, documentada con trabajos de inteligencia e investigaci\u00f3n, el gobernador Graco Ram\u00edrez convoc\u00f3 urgentemente a una reuni\u00f3n a autoridades federales y de Guerrero el pasado lunes 11 de abril, en el cuartel militar Los Lagartos, municipio de Jojutla.&#8221;<\/p>\n<p>En la reuni\u00f3n urgente se inform\u00f3 que se logr\u00f3 la ubicaci\u00f3n de l\u00edderes de la \u201cFamilia Michoacana\u201d de Sultepec y Amatepec-Tlatlaya, en el Estado de M\u00e9xico; de Ciudad Altamirano, en Guerrero, para realizar acciones legales y operaciones conjuntas para su detenci\u00f3n.<\/p>\n","protected":false},"excerpt":{"rendered":"<p>EN MORELOS Morelos no reconoce la presencia del c\u00e1rtel denominado \u201cLos Laredo\u201d, sino el intento de \u201cLa Familia Michoacana\u201d de extenderse<\/p>\n","protected":false},"author":93,"featured_media":0,"comment_status":"open","ping_status":"open","sticky":false,"template":"","format":"standard","meta":{"footnotes":""},"categories":[37],"tags":[],"class_list":["post-19932","post","type-post","status-publish","format-standard","hentry","category-barandilla"],"_links":{"self":[{"href":"https:\/\/plazajuarez.mx\/historico\/wp-json\/wp\/v2\/posts\/19932","targetHints":{"allow":["GET"]}}],"collection":[{"href":"https:\/\/plazajuarez.mx\/historico\/wp-json\/wp\/v2\/posts"}],"about":[{"href":"https:\/\/plazajuarez.mx\/historico\/wp-json\/wp\/v2\/types\/post"}],"author":[{"embeddable":true,"href":"https:\/\/plazajuarez.mx\/historico\/wp-json\/wp\/v2\/users\/93"}],"replies":[{"embeddable":true,"href":"https:\/\/plazajuarez.mx\/historico\/wp-json\/wp\/v2\/comments?post=19932"}],"version-history":[{"count":0,"href":"https:\/\/plazajuarez.mx\/historico\/wp-json\/wp\/v2\/posts\/19932\/revisions"}],"wp:attachment":[{"href":"https:\/\/plazajuarez.mx\/historico\/wp-json\/wp\/v2\/media?parent=19932"}],"wp:term":[{"taxonomy":"category","embeddable":true,"href":"https:\/\/plazajuarez.mx\/historico\/wp-json\/wp\/v2\/categories?post=19932"},{"taxonomy":"post_tag","embeddable":true,"href":"https:\/\/plazajuarez.mx\/historico\/wp-json\/wp\/v2\/tags?post=19932"}],"curies":[{"name":"wp","href":"https:\/\/api.w.org\/{rel}","templated":true}]}}