{"id":19930,"date":"2016-04-18T13:22:25","date_gmt":"2016-04-18T13:22:25","guid":{"rendered":"http:\/\/plazajuarez.mx\/index\/index.php\/2016\/04\/18\/realizan-tercer-foro-debate-sobre-economia-mexicana\/"},"modified":"2016-04-18T13:22:25","modified_gmt":"2016-04-18T13:22:25","slug":"realizan-tercer-foro-debate-sobre-economia-mexicana","status":"publish","type":"post","link":"https:\/\/plazajuarez.mx\/historico\/realizan-tercer-foro-debate-sobre-economia-mexicana\/","title":{"rendered":"Realizan Tercer Foro-Debate sobre econom\u00eda mexicana"},"content":{"rendered":"<p><strong>TULA DE ALLENDE<\/strong><\/p>\n<p>*EN LA UTTT<\/p>\n<p>  <!--more-->  <\/p>\n<p>\u00a0<\/p>\n<p>Estudiantes y docentes de la Universidad Tecnol\u00f3gica de Tula-Tepeji (UTTT), pertenecientes al Programa Educativo de Desarrollo de Negocios, \u00e1rea Mercadotecnia y de la Ingenier\u00eda en Negocios y Gesti\u00f3n Empresarial, a trav\u00e9s de la Coordinaci\u00f3n de Econom\u00eda,\u00a0 llevaron a cabo el Tercer \u00a0Foro-Debate \u201cFactores que incrementan la desaceleraci\u00f3n en la econom\u00eda mexicana\u201d.<\/p>\n<p>\u00a0<\/p>\n<p>Los participantes argumentaron sus opiniones sobre temas como la volatilidad del d\u00f3lar, el desarrollo y crecimiento econ\u00f3mico-social, as\u00ed como la desigualdad econ\u00f3mica y la brecha en la pobreza.<\/p>\n<p>\u00a0<\/p>\n<p>Hicieron menci\u00f3n a diversos acontecimientos econ\u00f3micos que han sucedido a lo largo de la historia de la humanidad, y c\u00f3mo algunos de ellos han influido en la econom\u00eda mexicana, generando crisis social, econ\u00f3mica y pol\u00edtica.<\/p>\n<p>\u00a0<\/p>\n<p>Indicaron que para atender esa situaci\u00f3n es necesario un estudio y an\u00e1lisis profundo sustentado en leyes, teor\u00edas y reglas para desarrollar el saneamiento de la estructura y coyuntura macroecon\u00f3mica, encaminada a lograr un equilibrio, que deber\u00e1 tener una vinculaci\u00f3n con la estabilidad, el desarrollo y crecimiento social, pol\u00edtico y econ\u00f3mico.<\/p>\n<p>\u00a0<\/p>\n<p>Se precis\u00f3 que el foto es un espacio en donde los universitarios puedan expresar sus ideas, opiniones y posturas, con un enfoque en econom\u00eda, tanto macro como microecon\u00f3mico, de \u00edndole nacional e internacional, vinculados al desarrollo de su carrera profesional, aplicando y desarrollando los conocimientos adquiridos no solo en el aula, si no en su entorno, considerando las repercusiones y cambios que d\u00eda a d\u00eda se viven y que transforman las condiciones del mundo actual.<\/p>\n","protected":false},"excerpt":{"rendered":"<p>TULA DE ALLENDE *EN LA UTTT<\/p>\n","protected":false},"author":93,"featured_media":0,"comment_status":"open","ping_status":"open","sticky":false,"template":"","format":"standard","meta":{"footnotes":""},"categories":[40],"tags":[],"class_list":["post-19930","post","type-post","status-publish","format-standard","hentry","category-region"],"_links":{"self":[{"href":"https:\/\/plazajuarez.mx\/historico\/wp-json\/wp\/v2\/posts\/19930","targetHints":{"allow":["GET"]}}],"collection":[{"href":"https:\/\/plazajuarez.mx\/historico\/wp-json\/wp\/v2\/posts"}],"about":[{"href":"https:\/\/plazajuarez.mx\/historico\/wp-json\/wp\/v2\/types\/post"}],"author":[{"embeddable":true,"href":"https:\/\/plazajuarez.mx\/historico\/wp-json\/wp\/v2\/users\/93"}],"replies":[{"embeddable":true,"href":"https:\/\/plazajuarez.mx\/historico\/wp-json\/wp\/v2\/comments?post=19930"}],"version-history":[{"count":0,"href":"https:\/\/plazajuarez.mx\/historico\/wp-json\/wp\/v2\/posts\/19930\/revisions"}],"wp:attachment":[{"href":"https:\/\/plazajuarez.mx\/historico\/wp-json\/wp\/v2\/media?parent=19930"}],"wp:term":[{"taxonomy":"category","embeddable":true,"href":"https:\/\/plazajuarez.mx\/historico\/wp-json\/wp\/v2\/categories?post=19930"},{"taxonomy":"post_tag","embeddable":true,"href":"https:\/\/plazajuarez.mx\/historico\/wp-json\/wp\/v2\/tags?post=19930"}],"curies":[{"name":"wp","href":"https:\/\/api.w.org\/{rel}","templated":true}]}}