{"id":1993,"date":"2015-03-09T06:00:00","date_gmt":"2015-03-09T06:00:00","guid":{"rendered":"http:\/\/plazajuarez.mx\/index\/index.php\/2015\/03\/09\/piden-a-cndh-investigue-detencion-de-inocentes-durante-operativo\/"},"modified":"2015-03-09T06:00:00","modified_gmt":"2015-03-09T06:00:00","slug":"piden-a-cndh-investigue-detencion-de-inocentes-durante-operativo","status":"publish","type":"post","link":"https:\/\/plazajuarez.mx\/historico\/piden-a-cndh-investigue-detencion-de-inocentes-durante-operativo\/","title":{"rendered":"Piden a CNDH investigue detenci\u00f3n de inocentes durante operativo"},"content":{"rendered":"<p style=\"text-align: justify;\"><span lang=\"ES\" style=\"font-size: 10pt; color: #000000;\">IXMIQUILPAN<\/span><\/p>\n<p style=\"text-align: justify;\"><span style=\"font-size: 10pt; color: #000000;\">* Los hechos ocurrieron el 5 de diciembre<\/span><\/p>\n<p style=\"text-align: justify;\"><span lang=\"ES\" style=\"font-size: 10pt; color: #000000;\">* El caso de Juan Labra, preocupa a familiares <\/span><\/p>\n<p style=\"text-align: justify;\"><span lang=\"ES\" style=\"font-size: 10pt; color: #000000;\">* Su estado de salud se agrava, no recibi\u00f3 atenci\u00f3n m\u00e9dica en la c\u00e1rcel <\/span><\/p>\n<p style=\"text-align: justify;\"><span style=\"font-size: 10pt; color: #000000;\">Ixmiquilpan. Juan Labra Mendoza, uno de los detenidos el 5 de diciembre pasado, se encuentra delicado de salud, producto del encierro durante m\u00e1s de dos meses que estuvo en prisi\u00f3n, acusado de secuestro agravado en agravio del exsubsecretario, Gerardo Canales, cometido en Ixmiquilpan.\u00a0<\/span><\/p>\n<p>  <!--more-->  <\/p>\n<p style=\"text-align: justify;\"><span style=\"font-size: 10pt;\">Aunque ya ha cobrado su libertad, su salud fue mermada debido a que no recibi\u00f3 atenci\u00f3n m\u00e9dica al interior de la c\u00e1rcel, caso que fue enviado a la Comisi\u00f3n Nacional de Derechos Humanos (CNDH), para que se investiguen a las autoridades hidalguenses.\u00a0<\/span><\/p>\n<p style=\"text-align: justify;\"><span lang=\"ES\" style=\"font-size: 10pt; color: #000000;\">En una carta enviada por los familiares de Juan Labra, al gobernador, Francisco Olvera Ruiz, solicitaron su intervenci\u00f3n para que enfrentara su proceso en libertad, debido a que las autoridades penitenciarias no le dieron la atenci\u00f3n m\u00e9dica requerida.\u00a0 <\/span><\/p>\n<p style=\"text-align: justify;\"><span lang=\"ES\" style=\"font-size: 10pt; color: #000000;\">Durante los dos meses de encierro, debido a su problema de diabetes, perdi\u00f3 la visibilidad del ojo derecho en un 100 por ciento y un 80 del izquierdo, adem\u00e1s de que tambi\u00e9n afrenta deficiencia renal, lo cual se ha ido agravando en los \u00faltimos d\u00edas.\u00a0 <\/span><\/p>\n<p style=\"text-align: justify;\"><span lang=\"ES\" style=\"font-size: 10pt; color: #000000;\">En la misiva dirigida al Gobernador, los familiares le explican, que pese a que se comprob\u00f3 que no tuvo ninguna relaci\u00f3n con los hechos violentos de ese d\u00eda, la autoridad no hab\u00eda dado el procedimiento adecuado que hiciera valar las pruebas entregadas, agravando su estado de salud.\u00a0 <\/span><\/p>\n<p style=\"text-align: justify;\"><span lang=\"ES\" style=\"font-size: 10pt; color: #000000;\">Adem\u00e1s del Gobernador, la carta tambi\u00e9n fue dirigida a la CNDH, para que se realice una investigaci\u00f3n no s\u00f3lo contra las autoridades penitenciarias, sino tambi\u00e9n de Seguridad P\u00fablica y todos los responsables de esta detenci\u00f3n.\u00a0 <\/span><\/p>\n<p style=\"text-align: justify;\"><span lang=\"ES\" style=\"font-size: 10pt; color: #000000;\">Cabe se\u00f1alar, que de 11 personas detenidas por los hechos violentados del pasado cinco de diciembre, \u00fanicamente tres contin\u00faan enfrentando su proceso en prisi\u00f3n, el resto ha recobrado su libertad. Sin embargo, se ha dado a conocer, que contin\u00faan liberadas 11 \u00f3rdenes de aprehensi\u00f3n m\u00e1s, contra horticultores que participaron en los hechos violentos de esa ocasi\u00f3n.<\/span><\/p>\n","protected":false},"excerpt":{"rendered":"<p>IXMIQUILPAN * Los hechos ocurrieron el 5 de diciembre * El caso de Juan Labra, preocupa a familiares * Su estado de salud se agrava, no recibi\u00f3 atenci\u00f3n m\u00e9dica en la c\u00e1rcel Ixmiquilpan. Juan Labra Mendoza, uno de los detenidos el 5 de diciembre pasado, se encuentra delicado de salud, producto del encierro durante m\u00e1s [&hellip;]<\/p>\n","protected":false},"author":93,"featured_media":0,"comment_status":"open","ping_status":"open","sticky":false,"template":"","format":"standard","meta":{"footnotes":""},"categories":[40],"tags":[],"class_list":["post-1993","post","type-post","status-publish","format-standard","hentry","category-region"],"_links":{"self":[{"href":"https:\/\/plazajuarez.mx\/historico\/wp-json\/wp\/v2\/posts\/1993","targetHints":{"allow":["GET"]}}],"collection":[{"href":"https:\/\/plazajuarez.mx\/historico\/wp-json\/wp\/v2\/posts"}],"about":[{"href":"https:\/\/plazajuarez.mx\/historico\/wp-json\/wp\/v2\/types\/post"}],"author":[{"embeddable":true,"href":"https:\/\/plazajuarez.mx\/historico\/wp-json\/wp\/v2\/users\/93"}],"replies":[{"embeddable":true,"href":"https:\/\/plazajuarez.mx\/historico\/wp-json\/wp\/v2\/comments?post=1993"}],"version-history":[{"count":0,"href":"https:\/\/plazajuarez.mx\/historico\/wp-json\/wp\/v2\/posts\/1993\/revisions"}],"wp:attachment":[{"href":"https:\/\/plazajuarez.mx\/historico\/wp-json\/wp\/v2\/media?parent=1993"}],"wp:term":[{"taxonomy":"category","embeddable":true,"href":"https:\/\/plazajuarez.mx\/historico\/wp-json\/wp\/v2\/categories?post=1993"},{"taxonomy":"post_tag","embeddable":true,"href":"https:\/\/plazajuarez.mx\/historico\/wp-json\/wp\/v2\/tags?post=1993"}],"curies":[{"name":"wp","href":"https:\/\/api.w.org\/{rel}","templated":true}]}}