{"id":19927,"date":"2016-04-18T13:22:18","date_gmt":"2016-04-18T13:22:18","guid":{"rendered":"http:\/\/plazajuarez.mx\/index\/index.php\/2016\/04\/18\/no-declinare-por-el-pan-nicolas-martin-mendoza\/"},"modified":"2016-04-18T13:22:18","modified_gmt":"2016-04-18T13:22:18","slug":"no-declinare-por-el-pan-nicolas-martin-mendoza","status":"publish","type":"post","link":"https:\/\/plazajuarez.mx\/historico\/no-declinare-por-el-pan-nicolas-martin-mendoza\/","title":{"rendered":"No declinar\u00e9 por el PAN: Nicol\u00e1s Mart\u00edn Mendoza"},"content":{"rendered":"<p><strong>IXMIQUILPAN<\/strong><\/p>\n<p>El aspirante a la candidatura a la presidencia municipal por el PRD, se\u00f1al\u00f3 que est\u00e1 listo para una alianza de facto siempre y cuando sean otros, los que declinen a su favor<\/p>\n<p>  <!--more-->  <\/p>\n<p><strong>\u00a0<\/strong><\/p>\n<p>Nicol\u00e1s Mart\u00edn Mendoza, es el aspirante a candidato del PRD a la presidencia municipal de Ixmiquilpan, confirm\u00f3 tras registrarse ante el Instituto Estatal Electoral de Hidalgo (IEEH), luego de una invitaci\u00f3n que le hizo su partido y organizaciones internas.<\/p>\n<p>En entrevista dijo, que su participaci\u00f3n en este proceso electoral, es para retornarle la fuerza que tuvo este partido pol\u00edtico en el municipio, el cual pas\u00f3 de ser la primera fuerza pol\u00edtica a la pen\u00faltima, lo cual ocurri\u00f3 desde el 2011.<\/p>\n<p>Dijo, que en este proceso interno, se hablaron de otros aspirantes, entre ellos el excandidato a diputado federal, el tambi\u00e9n ex asamble\u00edsta en la Ciudad de M\u00e9xico, Alberto Trejo Villafuerte. De \u00e9l explic\u00f3, se hablaba de que habr\u00eda de participar, incluso registrarse, sin embargo de \u00faltima hora ya no se present\u00f3, \u201cseguramente es porque \u00e9l ya no est\u00e1 aqu\u00ed (Ixmiquilpan)\u201d.<\/p>\n<p>Expuso, que va de la mano en este proceso con el candidato a Gobernador, Jos\u00e9 Guadarrama M\u00e1rquez y el abanderado a diputado local, Juan Ortiz, de quienes asegur\u00f3, sumar\u00e1n votos a su favor, con ello retornarle la posici\u00f3n que tuvo el partido en alg\u00fan momento.<\/p>\n<p>Dijo, que la sociedad de Ixmiquilpan requiere de pol\u00edticos honestos y en este caso, s\u00f3lo \u00e9l, es la opci\u00f3n para el municipio, asimismo destac\u00f3 su nivel acad\u00e9mico, su trayectoria dentro de la pol\u00edtica izquierdista.<\/p>\n<p>El dos veces regidor, explic\u00f3, que participar\u00e1 en este proceso electoral y que no va a declinar a favor del PAN como se esperaba, puesto que no tiene pensado hacerlo. \u201cSon un pol\u00edtico serio,\u00a0 honesto, me registr\u00e9 ante el IEEH, no me prestar\u00e9 a eso (declinar)\u201d.<\/p>\n<p>Explic\u00f3, que estar\u00eda abierto a una posible coalici\u00f3n de facto, siempre y cuando los otros candidatos declinen a su favor, de lo contrario descarta cualquier otra posible alianza dentro de este proceso electoral.<\/p>\n<p>Nicol\u00e1s Mart\u00edn, es hijo de, Alfonso Mart\u00edn, quien fue presidente municipal de Ixmiquilpan, que incluso sigue siendo militante del PRI, es tambi\u00e9n considerado parte de la clase pol\u00edtica en el municipio.<\/p>\n<p><strong>\u00a0<\/strong><\/p>\n<p><strong>Cita<\/strong><\/p>\n<p>\u201cSon un pol\u00edtico serio,\u00a0 honesto, me registr\u00e9 ante el IEEH, no me prestar\u00e9 a declinar\u201d <strong>NICOL\u00c1S MART\u00cdN MENDOZA<\/strong><\/p>\n","protected":false},"excerpt":{"rendered":"<p>IXMIQUILPAN El aspirante a la candidatura a la presidencia municipal por el PRD, se\u00f1al\u00f3 que est\u00e1 listo para una alianza de facto siempre y cuando sean otros, los que declinen a su favor<\/p>\n","protected":false},"author":93,"featured_media":0,"comment_status":"open","ping_status":"open","sticky":false,"template":"","format":"standard","meta":{"footnotes":""},"categories":[40],"tags":[],"class_list":["post-19927","post","type-post","status-publish","format-standard","hentry","category-region"],"_links":{"self":[{"href":"https:\/\/plazajuarez.mx\/historico\/wp-json\/wp\/v2\/posts\/19927","targetHints":{"allow":["GET"]}}],"collection":[{"href":"https:\/\/plazajuarez.mx\/historico\/wp-json\/wp\/v2\/posts"}],"about":[{"href":"https:\/\/plazajuarez.mx\/historico\/wp-json\/wp\/v2\/types\/post"}],"author":[{"embeddable":true,"href":"https:\/\/plazajuarez.mx\/historico\/wp-json\/wp\/v2\/users\/93"}],"replies":[{"embeddable":true,"href":"https:\/\/plazajuarez.mx\/historico\/wp-json\/wp\/v2\/comments?post=19927"}],"version-history":[{"count":0,"href":"https:\/\/plazajuarez.mx\/historico\/wp-json\/wp\/v2\/posts\/19927\/revisions"}],"wp:attachment":[{"href":"https:\/\/plazajuarez.mx\/historico\/wp-json\/wp\/v2\/media?parent=19927"}],"wp:term":[{"taxonomy":"category","embeddable":true,"href":"https:\/\/plazajuarez.mx\/historico\/wp-json\/wp\/v2\/categories?post=19927"},{"taxonomy":"post_tag","embeddable":true,"href":"https:\/\/plazajuarez.mx\/historico\/wp-json\/wp\/v2\/tags?post=19927"}],"curies":[{"name":"wp","href":"https:\/\/api.w.org\/{rel}","templated":true}]}}