{"id":1992,"date":"2015-03-09T06:00:00","date_gmt":"2015-03-09T06:00:00","guid":{"rendered":"http:\/\/plazajuarez.mx\/index\/index.php\/2015\/03\/09\/exigen-recursos-para-comunidades-marginadas\/"},"modified":"2015-03-09T06:00:00","modified_gmt":"2015-03-09T06:00:00","slug":"exigen-recursos-para-comunidades-marginadas","status":"publish","type":"post","link":"https:\/\/plazajuarez.mx\/historico\/exigen-recursos-para-comunidades-marginadas\/","title":{"rendered":"Exigen recursos para comunidades marginadas"},"content":{"rendered":"<p style=\"text-align: justify;\"><span style=\"font-size: 10pt; color: #000000;\">TULA DE ALLENDE<\/span><\/p>\n<ul style=\"text-align: justify;\">\n<li><span style=\"font-size: 10pt; color: #000000;\">La comunidad de San Francisco Bojay Pueblo es una de las m\u00e1s rezagadas en el municipio<\/span><\/li>\n<li><span style=\"font-size: 10pt; color: #000000;\">No cuenta con los servicios b\u00e1sicos e infraestructura urbana<\/span><\/li>\n<\/ul>\n<p style=\"text-align: justify;\"><span style=\"font-size: 10pt; color: #000000;\">Tula de Allende.- La comunidad de San Francisco Bojay Pueblo es una de las m\u00e1s rezagadas en el municipio, advirti\u00f3 el delegado y ex delegado de la localidad, V\u00edctor Villegas Luz y Juan Villegas Cruz, al no contar con los servicios b\u00e1sicos e infraestructura urbana, por lo que exigieron a los gobiernos de los tres niveles se destinen recursos a los lugares de alta marginaci\u00f3n.<\/span><\/p>\n<p>  <!--more-->  <\/p>\n<p style=\"text-align: justify;\">La autoridad auxiliar precis\u00f3 que en la comunidad donde habitan alrededor de 200 pobladores, los servicios b\u00e1sicos como drenaje sanitario, electricidad, agua potable, calles pavimentadas e infraestructura urbana son deficientes,\u00a0pero que lamentablemente los gobiernos poco le invierten a las carencias de las comunidades m\u00e1s alegadas del municipio. \u00a0<\/p>\n<p style=\"text-align: justify;\"><span style=\"font-size: 10pt; color: #000000;\">Juan Villegas Luz, se\u00f1al\u00f3 que como consecuencia de que no cuentan con drenaje sanitario la mayor\u00eda de los vecinos han habilitado letrina o fosas s\u00e9pticas, pero que tambi\u00e9n existen casos de colonos que hacen sus necesidades fisiol\u00f3gicas al aire libre.<\/span><\/p>\n<p style=\"text-align: justify;\"><span style=\"font-size: 10pt; color: #000000;\">Dijo que en el caso del agua potable el servicio es deficiente, toda vez que cuentan con un pozo que se perfor\u00f3 y equip\u00f3 hace algunos a\u00f1os, pero que no se le ha invertido para los trabajos que hacen en la red de distribuci\u00f3n, de ah\u00ed que pidieron a la autoridad local destine recursos para resolver la problem\u00e1tica que se agudiza en el tiempo de calor.<\/span><\/p>\n<p style=\"text-align: justify;\"><span style=\"font-size: 10pt; color: #000000;\">El delegado puntualiz\u00f3 que otra de las graves problem\u00e1ticas que enfrentan es la contaminaci\u00f3n de la Presa Endh\u00f3 con la que colindan y que eso ha generado que la gente padezca diversas enfermedades, principalmente de c\u00e1ncer y que nada m\u00e1s de diciembre a enero, cinco personas han muerto por la misma causa y que existen otras m\u00e1s que lamentablemente luchan contra ese terrible mal.<\/span><\/p>\n<p style=\"text-align: justify;\"><span style=\"font-size: 10pt; color: #000000;\">La electricidad es otra de las demandas recurrentes, al coincidir el ex delegado y su sucesor como consecuencia del bajo voltaje y a que no cuentan con alumbrado p\u00fablico en toda la localidad, lo que redunda en inseguridad, se\u00f1alaron.<\/span><\/p>\n<p style=\"text-align: justify;\"><span style=\"font-size: 10pt; color: #000000;\">As\u00ed tambi\u00e9n comentaron que llevan a cabo gestiones intensas para que se concluya la obra de la plaza p\u00fablica que se ha ejecutado en su primera etapa, pero que a la fecha se encuentra abandonada.<\/span><\/p>\n<p style=\"text-align: justify;\"><span style=\"font-size: 10pt; color: #000000;\">Las autoridades auxiliares recalcaron que los vecinos de San Francisco Bojay Pueblo anhelan un mejor lugar para vivir y as\u00ed evitar que los j\u00f3venes al no encontrar oportunidades de desarrollo, estudio, salud y bienestar tengan que irse a Estados Unidos de ilegales o a refugiarse a otros lugares del pa\u00eds en busca de un mejor nivel de vida que en su municipio no encuentran.\u00a0<\/span><\/p>\n<p style=\"text-align: justify;\"><span style=\"font-size: 10pt; color: #000000;\">Finalmente argumentaronque la raz\u00f3n por la que han sido relegados obedece a situaciones pol\u00edticas, como consecuencia de que la gente le se\u00f1ala al gobierno de Tula las irregularidades y la no distribuci\u00f3n equitativa de los recursos, pero que pese a ello seguir\u00e1n defendiendo lo que por derecho como ciudadanos les corresponde.<\/span><\/p>\n","protected":false},"excerpt":{"rendered":"<p>TULA DE ALLENDE La comunidad de San Francisco Bojay Pueblo es una de las m\u00e1s rezagadas en el municipio No cuenta con los servicios b\u00e1sicos e infraestructura urbana Tula de Allende.- La comunidad de San Francisco Bojay Pueblo es una de las m\u00e1s rezagadas en el municipio, advirti\u00f3 el delegado y ex delegado de la [&hellip;]<\/p>\n","protected":false},"author":93,"featured_media":0,"comment_status":"open","ping_status":"open","sticky":false,"template":"","format":"standard","meta":{"footnotes":""},"categories":[40],"tags":[],"class_list":["post-1992","post","type-post","status-publish","format-standard","hentry","category-region"],"_links":{"self":[{"href":"https:\/\/plazajuarez.mx\/historico\/wp-json\/wp\/v2\/posts\/1992","targetHints":{"allow":["GET"]}}],"collection":[{"href":"https:\/\/plazajuarez.mx\/historico\/wp-json\/wp\/v2\/posts"}],"about":[{"href":"https:\/\/plazajuarez.mx\/historico\/wp-json\/wp\/v2\/types\/post"}],"author":[{"embeddable":true,"href":"https:\/\/plazajuarez.mx\/historico\/wp-json\/wp\/v2\/users\/93"}],"replies":[{"embeddable":true,"href":"https:\/\/plazajuarez.mx\/historico\/wp-json\/wp\/v2\/comments?post=1992"}],"version-history":[{"count":0,"href":"https:\/\/plazajuarez.mx\/historico\/wp-json\/wp\/v2\/posts\/1992\/revisions"}],"wp:attachment":[{"href":"https:\/\/plazajuarez.mx\/historico\/wp-json\/wp\/v2\/media?parent=1992"}],"wp:term":[{"taxonomy":"category","embeddable":true,"href":"https:\/\/plazajuarez.mx\/historico\/wp-json\/wp\/v2\/categories?post=1992"},{"taxonomy":"post_tag","embeddable":true,"href":"https:\/\/plazajuarez.mx\/historico\/wp-json\/wp\/v2\/tags?post=1992"}],"curies":[{"name":"wp","href":"https:\/\/api.w.org\/{rel}","templated":true}]}}