{"id":199020,"date":"2022-01-13T08:20:40","date_gmt":"2022-01-13T14:20:40","guid":{"rendered":"https:\/\/plazajuarez.mx\/?p=199020"},"modified":"2022-01-13T08:20:52","modified_gmt":"2022-01-13T14:20:52","slug":"hidalgo-con-aceleracion-alarmante-por-omicron","status":"publish","type":"post","link":"https:\/\/plazajuarez.mx\/historico\/hidalgo-con-aceleracion-alarmante-por-omicron\/","title":{"rendered":"Hidalgo, con \u201caceleraci\u00f3n alarmante\u201d por \u00d3micron"},"content":{"rendered":"\n<p><\/p>\n\n\n\n<p>El titular de la Secretar\u00eda de Salud de Hidalgo (SSH), Efra\u00edn Ben\u00edtez Herrera, apunt\u00f3 que del 27 de diciembre al 10 de enero, se registr\u00f3 un incremento de mil 720 por ciento en el n\u00famero de casos activos de Covid-19 y la variante \u00d3micron, lo que significa \u201cuna aceleraci\u00f3n importante\u201d.<\/p>\n\n\n\n<p>En conferencia de prensa virtual, apunt\u00f3 que la tasa de reproducci\u00f3n efectiva (es decir, la velocidad con que se propaga el virus), increment\u00f3 en los \u00faltimos siete d\u00edas, al pasar de 1.06 a 2.07, por lo que se espera que en las siguientes semanas el aumento de contagios sea mayor, de hasta siete mil casos activos en todo el estado, en funci\u00f3n de la velocidad de propagaci\u00f3n del virus.<\/p>\n\n\n\n<p>Apunt\u00f3 que los contagios predominan en el grupo etario de 20 a 49 a\u00f1os; 64 municipios registran casos activos; y el 97 por ciento de los pacientes se manejan de manera ambulatoria.<\/p>\n\n\n\n<p>Respecto a la ocupaci\u00f3n hospitalaria, el funcionario estatal destac\u00f3 que es del 32 por ciento, y de este porcentaje, solo el 12 requieren ventiladores, \u201cla gravedad de los enfermos no es tal para que requieran asistencia ventilatoria mec\u00e1nica\u201d.<\/p>\n\n\n\n<p>Exhort\u00f3 a la poblaci\u00f3n que presente sintomatolog\u00eda respiratoria aguda a que acudan a los centros de salud para ser valorados, y en el caso de ser sospechosos, puedan practicarles la prueba r\u00e1pida, \u201chay las pruebas suficientes previa valoraci\u00f3n m\u00e9dica\u201d.<\/p>\n\n\n\n<p>Asimismo, Ben\u00edtez Herrera aclar\u00f3 que ning\u00fan evento masivo ya anunciado ser\u00e1 reprogramado, solo se realizar\u00e1 la modificaci\u00f3n del aforo, adem\u00e1s de que tiene que ser reportado previamente a la Comisi\u00f3n para la Protecci\u00f3n Contra Riesgos Sanitarios&nbsp; del Estado de Hidalgo (COPRISEH), para que sea autorizado y emita las recomendaciones correspondientes para que se lleve dentro de las medidas de bioseguridad.<\/p>\n\n\n\n<p>Enfatiz\u00f3 que la misma situaci\u00f3n ser\u00e1 aplicada en las campa\u00f1as electorales, y adelant\u00f3 que en breve tendr\u00e1n una reuni\u00f3n con la consejera presidenta del Instituto Estatal Electoral de Hidalgo (IEEH), Guillermina V\u00e1zquez Ben\u00edtez y los partidos pol\u00edticos, para establecer las reglas de los actos de precampa\u00f1a y campa\u00f1a.<\/p>\n","protected":false},"excerpt":{"rendered":"<p>El titular de la Secretar\u00eda de Salud de Hidalgo (SSH), Efra\u00edn Ben\u00edtez Herrera, apunt\u00f3 que del 27 de diciembre al 10 de enero, se registr\u00f3 un incremento de mil 720 por ciento en el n\u00famero de casos activos de Covid-19 y la variante \u00d3micron, lo que significa \u201cuna aceleraci\u00f3n importante\u201d. En conferencia de prensa virtual, [&hellip;]<\/p>\n","protected":false},"author":73,"featured_media":199021,"comment_status":"closed","ping_status":"closed","sticky":false,"template":"","format":"standard","meta":{"footnotes":""},"categories":[15,59,2159],"tags":[],"class_list":["post-199020","post","type-post","status-publish","format-standard","has-post-thumbnail","hentry","category-destacadas","category-general","category-noticias-de-hidalgo"],"_links":{"self":[{"href":"https:\/\/plazajuarez.mx\/historico\/wp-json\/wp\/v2\/posts\/199020","targetHints":{"allow":["GET"]}}],"collection":[{"href":"https:\/\/plazajuarez.mx\/historico\/wp-json\/wp\/v2\/posts"}],"about":[{"href":"https:\/\/plazajuarez.mx\/historico\/wp-json\/wp\/v2\/types\/post"}],"author":[{"embeddable":true,"href":"https:\/\/plazajuarez.mx\/historico\/wp-json\/wp\/v2\/users\/73"}],"replies":[{"embeddable":true,"href":"https:\/\/plazajuarez.mx\/historico\/wp-json\/wp\/v2\/comments?post=199020"}],"version-history":[{"count":0,"href":"https:\/\/plazajuarez.mx\/historico\/wp-json\/wp\/v2\/posts\/199020\/revisions"}],"wp:featuredmedia":[{"embeddable":true,"href":"https:\/\/plazajuarez.mx\/historico\/wp-json\/wp\/v2\/media\/199021"}],"wp:attachment":[{"href":"https:\/\/plazajuarez.mx\/historico\/wp-json\/wp\/v2\/media?parent=199020"}],"wp:term":[{"taxonomy":"category","embeddable":true,"href":"https:\/\/plazajuarez.mx\/historico\/wp-json\/wp\/v2\/categories?post=199020"},{"taxonomy":"post_tag","embeddable":true,"href":"https:\/\/plazajuarez.mx\/historico\/wp-json\/wp\/v2\/tags?post=199020"}],"curies":[{"name":"wp","href":"https:\/\/api.w.org\/{rel}","templated":true}]}}