{"id":199014,"date":"2022-01-13T08:17:56","date_gmt":"2022-01-13T14:17:56","guid":{"rendered":"https:\/\/plazajuarez.mx\/?p=199014"},"modified":"2022-01-13T08:18:05","modified_gmt":"2022-01-13T14:18:05","slug":"la-mejor-vacuna-es-la-que-nos-toca","status":"publish","type":"post","link":"https:\/\/plazajuarez.mx\/historico\/la-mejor-vacuna-es-la-que-nos-toca\/","title":{"rendered":"\u201cLa mejor vacuna es la que nos toca\u201d"},"content":{"rendered":"\n<p>\u00a0<\/p>\n\n\n\n<p>Ayer, personal docente se congreg\u00f3 en el CBTIS 222; una de las cuatro sedes que se dedic\u00f3 a inmunizar, por segunda ocasi\u00f3n a este sector, las otras fueron el CECyT 16, el Polideportivo Carlos Mart\u00ednez Balmori de la Universidad Aut\u00f3noma del Estado de Hidalgo (UAEH) y el Instituto Tecnol\u00f3gico de Pachuca.&nbsp;<\/p>\n\n\n\n<p>Personal educativo de todas las edades hicieron fila para entrar al Instituto, misma que se fue extendiendo debido a que la inmunizaci\u00f3n comenz\u00f3 m\u00e1s tarde de los previsto, que era a las nueve de la ma\u00f1ana.&nbsp;<\/p>\n\n\n\n<p>Pasaban rondas de 14 personas, que recorr\u00edan mesas de incidencias; donde podr\u00edan bajar sus registros; entraban a aulas donde les indicaban el n\u00famero de lote y otros datos m\u00e1s que ten\u00edan que llenar y luego pasaban al \u00e1rea de vacunaci\u00f3n y posteriormente al \u00e1rea de descanso.&nbsp;<\/p>\n\n\n\n<p>La primer dosis que recibieron los maestros el a\u00f1o pasado fue Cansino. Esta ocasi\u00f3n a los y las docentes les aplicaron el Biol\u00f3gico Moderna, cuyos frascos contienen 14 dosis.&nbsp;<\/p>\n\n\n\n<figure class=\"wp-block-image size-full\"><img loading=\"lazy\" decoding=\"async\" width=\"2560\" height=\"1707\" src=\"https:\/\/plazajuarez.mx\/historico\/historico\/wp-content\/uploads\/2022\/01\/Foto-2-Diario-Plaza-Jua\u0301rez-scaled.jpg\" alt=\"\" class=\"wp-image-199016\" srcset=\"https:\/\/plazajuarez.mx\/historico\/wp-content\/uploads\/2022\/01\/Foto-2-Diario-Plaza-Jua\u0301rez-scaled.jpg 2560w, https:\/\/plazajuarez.mx\/historico\/wp-content\/uploads\/2022\/01\/Foto-2-Diario-Plaza-Jua\u0301rez-768x512.jpg 768w, https:\/\/plazajuarez.mx\/historico\/wp-content\/uploads\/2022\/01\/Foto-2-Diario-Plaza-Jua\u0301rez-1536x1024.jpg 1536w, https:\/\/plazajuarez.mx\/historico\/wp-content\/uploads\/2022\/01\/Foto-2-Diario-Plaza-Jua\u0301rez-2048x1365.jpg 2048w, https:\/\/plazajuarez.mx\/historico\/wp-content\/uploads\/2022\/01\/Foto-2-Diario-Plaza-Jua\u0301rez-274x183.jpg 274w, https:\/\/plazajuarez.mx\/historico\/wp-content\/uploads\/2022\/01\/Foto-2-Diario-Plaza-Jua\u0301rez-80x54.jpg 80w, https:\/\/plazajuarez.mx\/historico\/wp-content\/uploads\/2022\/01\/Foto-2-Diario-Plaza-Jua\u0301rez-130x87.jpg 130w, https:\/\/plazajuarez.mx\/historico\/wp-content\/uploads\/2022\/01\/Foto-2-Diario-Plaza-Jua\u0301rez-359x240.jpg 359w, https:\/\/plazajuarez.mx\/historico\/wp-content\/uploads\/2022\/01\/Foto-2-Diario-Plaza-Jua\u0301rez-85x57.jpg 85w, https:\/\/plazajuarez.mx\/historico\/wp-content\/uploads\/2022\/01\/Foto-2-Diario-Plaza-Jua\u0301rez-546x365.jpg 546w, https:\/\/plazajuarez.mx\/historico\/wp-content\/uploads\/2022\/01\/Foto-2-Diario-Plaza-Jua\u0301rez-165x109.jpg 165w, https:\/\/plazajuarez.mx\/historico\/wp-content\/uploads\/2022\/01\/Foto-2-Diario-Plaza-Jua\u0301rez-112x75.jpg 112w, https:\/\/plazajuarez.mx\/historico\/wp-content\/uploads\/2022\/01\/Foto-2-Diario-Plaza-Jua\u0301rez-179x120.jpg 179w, https:\/\/plazajuarez.mx\/historico\/wp-content\/uploads\/2022\/01\/Foto-2-Diario-Plaza-Jua\u0301rez-170x113.jpg 170w, https:\/\/plazajuarez.mx\/historico\/wp-content\/uploads\/2022\/01\/Foto-2-Diario-Plaza-Jua\u0301rez-81x55.jpg 81w, https:\/\/plazajuarez.mx\/historico\/wp-content\/uploads\/2022\/01\/Foto-2-Diario-Plaza-Jua\u0301rez-765x510.jpg 765w\" sizes=\"auto, (max-width: 2560px) 100vw, 2560px\" \/><\/figure>\n\n\n\n<p>\u201cLa mejor vacuna es la que nos toca\u201d se\u00f1al\u00f3 la Doctora Mar\u00eda Antonieta Mu\u00f1oz God\u00ednez, responsable de que las sedes est\u00e9n funcionando en Pachuca; \u201ctodas tienen una producci\u00f3n realmente cient\u00edfica, con fundamentos y adecuada para la poblaci\u00f3n, si se va haciendo de diferente tipo de vacuna, es por la que est\u00e1 disponible para poder tener en el pa\u00eds y en el estado\u201d.<\/p>\n\n\n\n<p>Ayer ten\u00edan 2 mil 800 dosis en caso que acudiera m\u00e1s personal del contemplado, que era mil 470, mientras que se tiene 5 mil 180 dosis previstas para aplicarse los tres d\u00edas de la jornada.&nbsp;<\/p>\n\n\n\n<p>\u201cTiene un comportamiento muy similar a la vacuna Pfizer\u201d coment\u00f3 la Doctora, por lo que entre los efectos secundarios se puede llegar a tener dolor local, malestar general, dolor en los huesos, dolor de cabeza y fiebre.&nbsp;<\/p>\n\n\n\n<p>La respuesta por parte del sector educativo la calific\u00f3 como buena: \u201cha habido mucha coordinaci\u00f3n con la SEP (Secretar\u00eda de Educaci\u00f3n P\u00fablica) para poder ir regulando y tener la log\u00edstica muy determinada y en alg\u00fan proceso que sea enlentecido, vamos dando soluci\u00f3n\u201d.&nbsp;<\/p>\n\n\n\n<figure class=\"wp-block-image size-full\"><img loading=\"lazy\" decoding=\"async\" width=\"1707\" height=\"2560\" src=\"https:\/\/plazajuarez.mx\/historico\/historico\/wp-content\/uploads\/2022\/01\/Foto-3_Diario-Plaza-Juarez-scaled.jpg\" alt=\"\" class=\"wp-image-199017\" srcset=\"https:\/\/plazajuarez.mx\/historico\/wp-content\/uploads\/2022\/01\/Foto-3_Diario-Plaza-Juarez-scaled.jpg 1707w, https:\/\/plazajuarez.mx\/historico\/wp-content\/uploads\/2022\/01\/Foto-3_Diario-Plaza-Juarez-768x1152.jpg 768w, https:\/\/plazajuarez.mx\/historico\/wp-content\/uploads\/2022\/01\/Foto-3_Diario-Plaza-Juarez-1024x1536.jpg 1024w, https:\/\/plazajuarez.mx\/historico\/wp-content\/uploads\/2022\/01\/Foto-3_Diario-Plaza-Juarez-1365x2048.jpg 1365w\" sizes=\"auto, (max-width: 1707px) 100vw, 1707px\" \/><\/figure>\n\n\n\n<p>La vacuna ha dejado m\u00e1s tranquilos a algunos docentes, el caso de Erika Jurado, perteneciente al Centro de Estudios de Bachillerato Profesor Rafael Ram\u00edrez, y a quien le tocaba su cita a las 10:00 pero le aplicaron la vacuna hasta las 11:45: \u201cbien, tranquila porque se supone que ya vamos a volver a trabajar\u201d. Por su parte Vanesa Lugo del Colegio Real Motol\u00edn\u00eda espera que la vacuna de m\u00e1s protecci\u00f3n y regresen a sus actividades para interactuar de nuevo con los estudiantes, quienes se han visto afectados por la pandemia y el encierro.&nbsp;<\/p>\n\n\n\n<p>Mientras que Juana Hern\u00e1ndez Tapia, quien dirige el nivel primario en el Colegio Macarenco, expres\u00f3 \u201cPerfecto, ten\u00edamos temor, realmente ya caduc\u00f3 nuestra vacuna que fue Cansino y la verdad estamos muy expuestos pues acudimos al Colegio\u201d.&nbsp;<\/p>\n\n\n\n<p>La invitaci\u00f3n a que se vacunen, a que no se relajen las medidas sanitarias es expresada tanto por las maestras como por la Doctora Mu\u00f1oz: \u201cla vacuna es altamente eficiente para reducir el riesgo de enfermar de forma grave, ameritar hospitalizaci\u00f3n y el riesgo de morir incluso se reduce, nada m\u00e1s vamos a tener un cuadro leve que no se compara con todo lo que vivimos el a\u00f1o pasado\u201d.<\/p>\n","protected":false},"excerpt":{"rendered":"<p>\u00a0 Ayer, personal docente se congreg\u00f3 en el CBTIS 222; una de las cuatro sedes que se dedic\u00f3 a inmunizar, por segunda ocasi\u00f3n a este sector, las otras fueron el CECyT 16, el Polideportivo Carlos Mart\u00ednez Balmori de la Universidad Aut\u00f3noma del Estado de Hidalgo (UAEH) y el Instituto Tecnol\u00f3gico de Pachuca.&nbsp; Personal educativo de [&hellip;]<\/p>\n","protected":false},"author":101,"featured_media":199015,"comment_status":"closed","ping_status":"closed","sticky":false,"template":"","format":"standard","meta":{"footnotes":""},"categories":[15,59,2159],"tags":[],"class_list":["post-199014","post","type-post","status-publish","format-standard","has-post-thumbnail","hentry","category-destacadas","category-general","category-noticias-de-hidalgo"],"_links":{"self":[{"href":"https:\/\/plazajuarez.mx\/historico\/wp-json\/wp\/v2\/posts\/199014","targetHints":{"allow":["GET"]}}],"collection":[{"href":"https:\/\/plazajuarez.mx\/historico\/wp-json\/wp\/v2\/posts"}],"about":[{"href":"https:\/\/plazajuarez.mx\/historico\/wp-json\/wp\/v2\/types\/post"}],"author":[{"embeddable":true,"href":"https:\/\/plazajuarez.mx\/historico\/wp-json\/wp\/v2\/users\/101"}],"replies":[{"embeddable":true,"href":"https:\/\/plazajuarez.mx\/historico\/wp-json\/wp\/v2\/comments?post=199014"}],"version-history":[{"count":0,"href":"https:\/\/plazajuarez.mx\/historico\/wp-json\/wp\/v2\/posts\/199014\/revisions"}],"wp:featuredmedia":[{"embeddable":true,"href":"https:\/\/plazajuarez.mx\/historico\/wp-json\/wp\/v2\/media\/199015"}],"wp:attachment":[{"href":"https:\/\/plazajuarez.mx\/historico\/wp-json\/wp\/v2\/media?parent=199014"}],"wp:term":[{"taxonomy":"category","embeddable":true,"href":"https:\/\/plazajuarez.mx\/historico\/wp-json\/wp\/v2\/categories?post=199014"},{"taxonomy":"post_tag","embeddable":true,"href":"https:\/\/plazajuarez.mx\/historico\/wp-json\/wp\/v2\/tags?post=199014"}],"curies":[{"name":"wp","href":"https:\/\/api.w.org\/{rel}","templated":true}]}}