{"id":198768,"date":"2022-01-11T07:43:32","date_gmt":"2022-01-11T13:43:32","guid":{"rendered":"https:\/\/plazajuarez.mx\/?p=198768"},"modified":"2022-01-11T07:43:44","modified_gmt":"2022-01-11T13:43:44","slug":"el-faro-64","status":"publish","type":"post","link":"https:\/\/plazajuarez.mx\/historico\/el-faro-64\/","title":{"rendered":"El Faro"},"content":{"rendered":"\n<p class=\"wp-block-paragraph\"><\/p>\n\n\n\n<h2 class=\"wp-block-heading\"><strong>M\u00e1s de los Reyes<\/strong><\/h2>\n\n\n\n<p class=\"wp-block-paragraph\"><\/p>\n\n\n\n<p class=\"wp-block-paragraph\">Ya habl\u00e1bamos en la columna pasada de la fiesta de Reyes que estaba por llegar y de algunas consideraciones generales que se pudieran hacer en torno al significado de la Epifan\u00eda. En el presente texto queremos centrarnos en la misma celebraci\u00f3n, pero ya observ\u00e1ndola como pasada y como catapulta para el futuro.&nbsp;<\/p>\n\n\n\n<p class=\"wp-block-paragraph\">Es bastante seguro que a\u00fan guardamos en nuestra retina la ilusi\u00f3n y alegr\u00eda que los ojos de los ni\u00f1os manifestaban mientras ve\u00edan a los reyes, mientras esperaban los regalos, al asomarse al \u00e1rbol y ver que hab\u00eda obsequios y, por \u00faltimo, al compartir y jugar con lo que los Reyes les hab\u00edan tra\u00eddo. Nuestro propio rostro se ilumin\u00f3 de satisfacci\u00f3n y de alegr\u00eda al compartir los mismos sentimientos que los ni\u00f1os. Con ellos nos retrotra\u00edamos a nuestra propia infancia y a la genuina ilusi\u00f3n que sent\u00edamos en ese mismo d\u00eda.<\/p>\n\n\n\n<p class=\"wp-block-paragraph\">La ilusi\u00f3n es un elemento clave para ser capaces de ponernos en nuestro futuro. El ser humano, constitutivamente, est\u00e1 pendiente de lo que va a venir. Parte de nuestra tarea es imaginarnos c\u00f3mo nos vemos en el futuro y desde ella ir dando los pasos necesarios para convertir lo imaginado en realidad. Somos, como dir\u00eda Juli\u00e1n Mar\u00edas, &#8220;seres futurizos&#8221;.<\/p>\n\n\n\n<p class=\"wp-block-paragraph\">A la imaginaci\u00f3n que va de la mano con los proyectos a futuro, podemos aderezarla con un poquito de ilusi\u00f3n. El entusiasmo puede hacer el camino, entre lo que sue\u00f1o y lo que consigo, mucho m\u00e1s amable y disfrutable. La alegr\u00eda de los ni\u00f1os ante los regalos puede ser la imagen viva de lo que nosotros invirtamos en nuestra propia vida personal y social.&nbsp;<\/p>\n\n\n\n<p class=\"wp-block-paragraph\">Imaginaci\u00f3n y su aderezo, la ilusi\u00f3n, son elementos que ponen nuestra vida en perspectiva de proyecto. En forma de intentar hacer algo con nuestro tiempo para beneficio propio y de ajenos. Esta forma, esta manera de proyectarnos, nos empuja, en definitiva, a la acci\u00f3n, a intentar conseguir nuestras metas, transformando as\u00ed la realidad que nos rodea y en la que vivimos.<\/p>\n\n\n\n<p class=\"wp-block-paragraph\">El comienzo de a\u00f1o en M\u00e9xico ha sido dif\u00edcil. En varias capitales de diferentes estados, se han descubierto cuerpos torturados y asesinados. Hidalgo se despertaba este a\u00f1o nuevo con la noticia de tener un nuevo c\u00e1rtel de la droga. El n\u00famero de contagios sigue al alza como nunca. Los pol\u00edticos contin\u00faan enredados con sus cosas como si lo dem\u00e1s no importara.<\/p>\n\n\n\n<p class=\"wp-block-paragraph\">La frescura de un tiempo nuevo que es este a\u00f1o 2022, nos ofrece la oportunidad de imaginarnos c\u00f3mo podr\u00edamos estar viviendo todos juntos en armon\u00eda, en paz y con salud. Esta oportunidad es mucho m\u00e1s ilusionante que la determinaci\u00f3n pesimista de que las cosas van a seguir tan mal como el a\u00f1o pasado o como el comienzo del presente. Y, por \u00faltimo, poner manos a la obra para, cada uno desde sus posibilidades, traduzca con acciones concretas tanto lo imaginado como la ilusi\u00f3n por conquistar una realidad diferente y mejor. \u00bfSeremos capaces? \u00bfNos atreveremos?<\/p>\n","protected":false},"excerpt":{"rendered":"<p>M\u00e1s de los Reyes Ya habl\u00e1bamos en la columna pasada de la fiesta de Reyes que estaba por llegar y de algunas consideraciones generales que se pudieran hacer en torno al significado de la Epifan\u00eda. En el presente texto queremos centrarnos en la misma celebraci\u00f3n, pero ya observ\u00e1ndola como pasada y como catapulta para el [&hellip;]<\/p>\n","protected":false},"author":98,"featured_media":182946,"comment_status":"closed","ping_status":"closed","sticky":false,"template":"","format":"standard","meta":{"footnotes":""},"categories":[1006,42],"tags":[],"class_list":["post-198768","post","type-post","status-publish","format-standard","has-post-thumbnail","hentry","category-dr-jesus-ignacio-panedas-galindo","category-nuestrapalabra"],"_links":{"self":[{"href":"https:\/\/plazajuarez.mx\/historico\/wp-json\/wp\/v2\/posts\/198768","targetHints":{"allow":["GET"]}}],"collection":[{"href":"https:\/\/plazajuarez.mx\/historico\/wp-json\/wp\/v2\/posts"}],"about":[{"href":"https:\/\/plazajuarez.mx\/historico\/wp-json\/wp\/v2\/types\/post"}],"author":[{"embeddable":true,"href":"https:\/\/plazajuarez.mx\/historico\/wp-json\/wp\/v2\/users\/98"}],"replies":[{"embeddable":true,"href":"https:\/\/plazajuarez.mx\/historico\/wp-json\/wp\/v2\/comments?post=198768"}],"version-history":[{"count":0,"href":"https:\/\/plazajuarez.mx\/historico\/wp-json\/wp\/v2\/posts\/198768\/revisions"}],"wp:featuredmedia":[{"embeddable":true,"href":"https:\/\/plazajuarez.mx\/historico\/wp-json\/wp\/v2\/media\/182946"}],"wp:attachment":[{"href":"https:\/\/plazajuarez.mx\/historico\/wp-json\/wp\/v2\/media?parent=198768"}],"wp:term":[{"taxonomy":"category","embeddable":true,"href":"https:\/\/plazajuarez.mx\/historico\/wp-json\/wp\/v2\/categories?post=198768"},{"taxonomy":"post_tag","embeddable":true,"href":"https:\/\/plazajuarez.mx\/historico\/wp-json\/wp\/v2\/tags?post=198768"}],"curies":[{"name":"wp","href":"https:\/\/api.w.org\/{rel}","templated":true}]}}