{"id":198710,"date":"2022-01-10T14:42:29","date_gmt":"2022-01-10T20:42:29","guid":{"rendered":"https:\/\/plazajuarez.mx\/?p=198710"},"modified":"2022-01-10T14:42:41","modified_gmt":"2022-01-10T20:42:41","slug":"el-fenomeno-rebelde-continua-y-exintegrantes-reaccionan-a-la-nueva-serie","status":"publish","type":"post","link":"https:\/\/plazajuarez.mx\/historico\/el-fenomeno-rebelde-continua-y-exintegrantes-reaccionan-a-la-nueva-serie\/","title":{"rendered":"El fen\u00f3meno &#8220;Rebelde&#8221; contin\u00faa y exintegrantes reaccionan a la nueva serie"},"content":{"rendered":"\n<p>La nueva versi\u00f3n del programa &#8220;Rebelde&#8221; no ha parado de generar controversia tras su reciente estreno con muchas reacciones del elenco original de 2004 a las que se suma el anuncio de una segunda temporada.<\/p>\n\n\n\n<p>El domingo se confirm\u00f3 la segunda temporada de la versi\u00f3n de Netflix de la telenovela &#8220;Rebelde&#8221;, que a inicios del nuevo milenio se convirti\u00f3 en un fen\u00f3meno de \u00e9xito mundial por su trama y canciones.<\/p>\n\n\n\n<p>En un evento digital, Franco Masini, Lizeth Selene, Alejandro Puente, Giovanna Grigio, Jer\u00f3nimo Cantillo, Azul Guaita, Sergio Mayer Mori y Andrea Chaparro, los nuevos protagonistas de la historia juvenil, respondieron los comentarios m\u00e1s impactantes de las redes sociales sin reservas.<\/p>\n\n\n\n<p>Adem\u00e1s de adelantar que Netflix ya confirm\u00f3 la segunda temporada de la serie, el elenco destac\u00f3 que la familia &#8220;Rebelde&#8221; crecer\u00e1 con la inclusi\u00f3n e nuevas caras a la historia, empezando con la del cantante mexicano Saak.<\/p>\n\n\n\n<p>REACCIONES DE LOS ANCESTROS<\/p>\n\n\n\n<p>En mayo de 2021, Sergio Mayer, quien da vida a Esteban en la ficci\u00f3n, dio fuertes declaraciones que complicaron su relaci\u00f3n con los fan\u00e1ticos de RBD, la banda desprendida de la telenovela de Televisa, al asegurar que no le gustaban las canciones originales de Rebelde.<\/p>\n\n\n\n<p>&#8220;Odio RBD, esa es la realidad, no me gustan las canciones, nunca vi el coso este&#8221;, asegur\u00f3 el hijo del diputado federal Sergio Mayer y la actriz B\u00e1rbara Mori.<\/p>\n\n\n\n<p>Despu\u00e9s de las declaraciones del joven de 23 a\u00f1os, las redes sociales enardecieron pidiendo el despido de Mayer del proyecto y algunos de los integrantes anteriores reaccionaron y como consecuencia \u00e9l dio una disculpa al respecto.<\/p>\n\n\n\n<p>&#8220;Oigan qu\u00e9 triste que digas que odias algo que tantos amamos&#8221;, expres\u00f3 brevemente en un video Christian Ch\u00e1vez, quien interpretaba a Giovanni M\u00e9ndez en la telenovela.<\/p>\n\n\n\n<p>Pese a dicho incidente, algunos exintegrantes de la telenovela expresaron su emoci\u00f3n y sentimientos con respecto al estreno de &#8220;Rebelde&#8221; por Netflix el pasado 5 de enero.<\/p>\n\n\n\n<p>Fue el mismo Christian quien public\u00f3 una foto de su personaje con la leyenda de &#8220;Orange was de new black (el naranja era el nuevo negro)&#8221;, haciendo referencia a su color de cabello de aquel entonces.<\/p>\n\n\n\n<p>Por su parte, Estefan\u00eda Villareal -que tambi\u00e9n en la nueva temporada da vida a Celina Ferrer- comparti\u00f3 una imagen de ella junto a Anah\u00ed, quien interpretaba a Mia Colucci y Angelique Boyer, quien era Vico en la serie original<\/p>\n\n\n\n<p>Pero Alfonso Herrera, Miguel Arango en la telenovela, fue quien gener\u00f3 gran pol\u00e9mica, puesto que comparti\u00f3 en Twitter una felicitaci\u00f3n muy inusual.<\/p>\n\n\n\n<p>&#8220;\u00a1Todo el \u00e9xito del mundo! Consejo, revisen bien sus contratos&#8221;, escribi\u00f3 el actor luego del revuelo que han causado las declaraciones de los integrantes en torno a ciertas injusticias que vivieron como parte del grupo musical que se form\u00f3 paralelamente al proyecto.<\/p>\n\n\n\n<p>Adem\u00e1s, Dulce Mar\u00eda expres\u00f3 en una entrevista que ve\u00eda el nuevo proyecto como un homenaje a su trabajo, pero que RBD segu\u00eda vivo y que eso hac\u00eda que algunas generaciones a\u00fan no aceptaran la nueva propuesta.<\/p>\n\n\n\n<p>Maite Perroni y Anah\u00ed se limitaron a hacer comentarios, pero comenzaron a seguir en Instagram a quienes consideran son las nuevas &#8220;Lupita y Mia&#8221; -sus personajes dentro de la ficci\u00f3n-, Andrea Chaparro y Azul Guaita respectivamente.<\/p>\n","protected":false},"excerpt":{"rendered":"<p>La nueva versi\u00f3n del programa &#8220;Rebelde&#8221; no ha parado de generar controversia tras su reciente estreno con muchas reacciones del elenco original de 2004 a las que se suma el anuncio de una segunda temporada. El domingo se confirm\u00f3 la segunda temporada de la versi\u00f3n de Netflix de la telenovela &#8220;Rebelde&#8221;, que a inicios del [&hellip;]<\/p>\n","protected":false},"author":80,"featured_media":198711,"comment_status":"closed","ping_status":"closed","sticky":false,"template":"","format":"standard","meta":{"footnotes":""},"categories":[38],"tags":[],"class_list":["post-198710","post","type-post","status-publish","format-standard","has-post-thumbnail","hentry","category-show"],"_links":{"self":[{"href":"https:\/\/plazajuarez.mx\/historico\/wp-json\/wp\/v2\/posts\/198710","targetHints":{"allow":["GET"]}}],"collection":[{"href":"https:\/\/plazajuarez.mx\/historico\/wp-json\/wp\/v2\/posts"}],"about":[{"href":"https:\/\/plazajuarez.mx\/historico\/wp-json\/wp\/v2\/types\/post"}],"author":[{"embeddable":true,"href":"https:\/\/plazajuarez.mx\/historico\/wp-json\/wp\/v2\/users\/80"}],"replies":[{"embeddable":true,"href":"https:\/\/plazajuarez.mx\/historico\/wp-json\/wp\/v2\/comments?post=198710"}],"version-history":[{"count":0,"href":"https:\/\/plazajuarez.mx\/historico\/wp-json\/wp\/v2\/posts\/198710\/revisions"}],"wp:featuredmedia":[{"embeddable":true,"href":"https:\/\/plazajuarez.mx\/historico\/wp-json\/wp\/v2\/media\/198711"}],"wp:attachment":[{"href":"https:\/\/plazajuarez.mx\/historico\/wp-json\/wp\/v2\/media?parent=198710"}],"wp:term":[{"taxonomy":"category","embeddable":true,"href":"https:\/\/plazajuarez.mx\/historico\/wp-json\/wp\/v2\/categories?post=198710"},{"taxonomy":"post_tag","embeddable":true,"href":"https:\/\/plazajuarez.mx\/historico\/wp-json\/wp\/v2\/tags?post=198710"}],"curies":[{"name":"wp","href":"https:\/\/api.w.org\/{rel}","templated":true}]}}