{"id":198689,"date":"2022-01-10T12:17:16","date_gmt":"2022-01-10T18:17:16","guid":{"rendered":"https:\/\/plazajuarez.mx\/?p=198689"},"modified":"2022-01-10T12:17:26","modified_gmt":"2022-01-10T18:17:26","slug":"nuevos-contagios-en-alemania-triplican-las-cifras-de-hace-una-semana","status":"publish","type":"post","link":"https:\/\/plazajuarez.mx\/historico\/nuevos-contagios-en-alemania-triplican-las-cifras-de-hace-una-semana\/","title":{"rendered":"Nuevos contagios en Alemania triplican las cifras de hace una semana"},"content":{"rendered":"\n<p>Las autoridades sanitarias alemanas registraron en las \u00faltimas horas 36,552 nuevas infecciones por Covid, que contrastan con las 12,515 detectadas hace una semana, aunque los datos de entonces no eran considerados completamente realistas debido al desfase del receso navide\u00f1o.<\/p>\n\n\n\n<p>Adem\u00e1s, la incidencia acumulada en siete d\u00edas ascendi\u00f3 este domingo a 362.7 nuevos contagios por cada 100,000 habitantes, frente a los 335.9 de ayer y los 222.7 hace siete d\u00edas, seg\u00fan datos del Instituto de virolog\u00eda Robert Koch (RKI) actualizados esta madrugada.<\/p>\n\n\n\n<p>En las \u00faltimas horas fallecieron 77 personas, con lo que la cifra total en el transcurso de la pandemia asciende a 113,977.<\/p>\n\n\n\n<p>Los contagios en Alemania experimentan un continuo ascenso desde finales de a\u00f1o y han alcanzado de nuevo los niveles de mediados de diciembre, cuando el pa\u00eds estaba inmerso en la cuarta ola, algo que los expertos atribuyen a la expansi\u00f3n de la variante \u00f3micron.<\/p>\n","protected":false},"excerpt":{"rendered":"<p>Las autoridades sanitarias alemanas registraron en las \u00faltimas horas 36,552 nuevas infecciones por Covid, que contrastan con las 12,515 detectadas hace una semana, aunque los datos de entonces no eran considerados completamente realistas debido al desfase del receso navide\u00f1o. Adem\u00e1s, la incidencia acumulada en siete d\u00edas ascendi\u00f3 este domingo a 362.7 nuevos contagios por cada [&hellip;]<\/p>\n","protected":false},"author":80,"featured_media":198692,"comment_status":"closed","ping_status":"closed","sticky":false,"template":"","format":"standard","meta":{"footnotes":""},"categories":[31],"tags":[],"class_list":["post-198689","post","type-post","status-publish","format-standard","has-post-thumbnail","hentry","category-orbe"],"_links":{"self":[{"href":"https:\/\/plazajuarez.mx\/historico\/wp-json\/wp\/v2\/posts\/198689","targetHints":{"allow":["GET"]}}],"collection":[{"href":"https:\/\/plazajuarez.mx\/historico\/wp-json\/wp\/v2\/posts"}],"about":[{"href":"https:\/\/plazajuarez.mx\/historico\/wp-json\/wp\/v2\/types\/post"}],"author":[{"embeddable":true,"href":"https:\/\/plazajuarez.mx\/historico\/wp-json\/wp\/v2\/users\/80"}],"replies":[{"embeddable":true,"href":"https:\/\/plazajuarez.mx\/historico\/wp-json\/wp\/v2\/comments?post=198689"}],"version-history":[{"count":0,"href":"https:\/\/plazajuarez.mx\/historico\/wp-json\/wp\/v2\/posts\/198689\/revisions"}],"wp:featuredmedia":[{"embeddable":true,"href":"https:\/\/plazajuarez.mx\/historico\/wp-json\/wp\/v2\/media\/198692"}],"wp:attachment":[{"href":"https:\/\/plazajuarez.mx\/historico\/wp-json\/wp\/v2\/media?parent=198689"}],"wp:term":[{"taxonomy":"category","embeddable":true,"href":"https:\/\/plazajuarez.mx\/historico\/wp-json\/wp\/v2\/categories?post=198689"},{"taxonomy":"post_tag","embeddable":true,"href":"https:\/\/plazajuarez.mx\/historico\/wp-json\/wp\/v2\/tags?post=198689"}],"curies":[{"name":"wp","href":"https:\/\/api.w.org\/{rel}","templated":true}]}}