{"id":198688,"date":"2022-01-10T12:16:40","date_gmt":"2022-01-10T18:16:40","guid":{"rendered":"https:\/\/plazajuarez.mx\/?p=198688"},"modified":"2022-01-10T12:16:48","modified_gmt":"2022-01-10T18:16:48","slug":"marchan-en-bruselas-contra-restricciones-y-confinamientos","status":"publish","type":"post","link":"https:\/\/plazajuarez.mx\/historico\/marchan-en-bruselas-contra-restricciones-y-confinamientos\/","title":{"rendered":"Marchan en Bruselas contra restricciones y confinamientos"},"content":{"rendered":"\n<p>Entre 5,000 personas, seg\u00fan la polic\u00eda, y cerca de 25,000, de acuerdo con los organizadores, participaron este domingo en una manifestaci\u00f3n en Bruselas para protestar contra las restricciones impuestas por la pandemia de coronavirus.<\/p>\n\n\n\n<p>Seg\u00fan las estimaciones de la televisi\u00f3n franc\u00f3fona belga RTBF, unas 10,000 personas estuvieron presentes en la marcha.<\/p>\n\n\n\n<p>Durante la manifestaci\u00f3n, la cuarta de este tipo organizada en los \u00faltimos meses, los participantes portaron pancartas en las que se le\u00edan consignas como &#8220;Libertad&#8221; o &#8220;No a la vacunaci\u00f3n obligatoria&#8221;.<\/p>\n\n\n\n<p>El objetivo de la acci\u00f3n era denunciar las restricciones sanitarias desde el inicio de la pandemia y en particular rechazar la obligaci\u00f3n de vacunar al personal sanitario, as\u00ed como el pase sanitario, bautizado en B\u00e9lgica como &#8220;Covid Safe Ticket&#8221;.<\/p>\n\n\n\n<p>Durante la protesta se produjeron algunos incidentes y varias detenciones, seg\u00fan la radiotelevisi\u00f3n RTBF.<\/p>\n","protected":false},"excerpt":{"rendered":"<p>Entre 5,000 personas, seg\u00fan la polic\u00eda, y cerca de 25,000, de acuerdo con los organizadores, participaron este domingo en una manifestaci\u00f3n en Bruselas para protestar contra las restricciones impuestas por la pandemia de coronavirus. Seg\u00fan las estimaciones de la televisi\u00f3n franc\u00f3fona belga RTBF, unas 10,000 personas estuvieron presentes en la marcha. Durante la manifestaci\u00f3n, la [&hellip;]<\/p>\n","protected":false},"author":80,"featured_media":198690,"comment_status":"closed","ping_status":"closed","sticky":false,"template":"","format":"standard","meta":{"footnotes":""},"categories":[31],"tags":[],"class_list":["post-198688","post","type-post","status-publish","format-standard","has-post-thumbnail","hentry","category-orbe"],"_links":{"self":[{"href":"https:\/\/plazajuarez.mx\/historico\/wp-json\/wp\/v2\/posts\/198688","targetHints":{"allow":["GET"]}}],"collection":[{"href":"https:\/\/plazajuarez.mx\/historico\/wp-json\/wp\/v2\/posts"}],"about":[{"href":"https:\/\/plazajuarez.mx\/historico\/wp-json\/wp\/v2\/types\/post"}],"author":[{"embeddable":true,"href":"https:\/\/plazajuarez.mx\/historico\/wp-json\/wp\/v2\/users\/80"}],"replies":[{"embeddable":true,"href":"https:\/\/plazajuarez.mx\/historico\/wp-json\/wp\/v2\/comments?post=198688"}],"version-history":[{"count":0,"href":"https:\/\/plazajuarez.mx\/historico\/wp-json\/wp\/v2\/posts\/198688\/revisions"}],"wp:featuredmedia":[{"embeddable":true,"href":"https:\/\/plazajuarez.mx\/historico\/wp-json\/wp\/v2\/media\/198690"}],"wp:attachment":[{"href":"https:\/\/plazajuarez.mx\/historico\/wp-json\/wp\/v2\/media?parent=198688"}],"wp:term":[{"taxonomy":"category","embeddable":true,"href":"https:\/\/plazajuarez.mx\/historico\/wp-json\/wp\/v2\/categories?post=198688"},{"taxonomy":"post_tag","embeddable":true,"href":"https:\/\/plazajuarez.mx\/historico\/wp-json\/wp\/v2\/tags?post=198688"}],"curies":[{"name":"wp","href":"https:\/\/api.w.org\/{rel}","templated":true}]}}