{"id":1986,"date":"2015-03-09T06:00:00","date_gmt":"2015-03-09T06:00:00","guid":{"rendered":"http:\/\/plazajuarez.mx\/index\/index.php\/2015\/03\/09\/marcha-contra-el-racismo-no-ha-concluido-senala-obama\/"},"modified":"2015-03-09T06:00:00","modified_gmt":"2015-03-09T06:00:00","slug":"marcha-contra-el-racismo-no-ha-concluido-senala-obama","status":"publish","type":"post","link":"https:\/\/plazajuarez.mx\/historico\/marcha-contra-el-racismo-no-ha-concluido-senala-obama\/","title":{"rendered":"Marcha contra el racismo &#8216;no ha concluido&#8217;, se\u00f1ala Obama"},"content":{"rendered":"<p style=\"text-align: justify;\"><span style=\"font-size: 10pt; color: #000000;\">SELMA, ESTADOS UNIDOS.- Barack Obama subray\u00f3 el s\u00e1bado en Selma (sur), punto alto de la lucha por los derechos civiles, que la marcha contra el racismo en Estados Unidos &#8220;no ha concluido&#8221;, y evoc\u00f3 en numerosas ocasiones los recientes incidentes en Ferguson, Misuri.<\/span><\/p>\n<p>  <!--more-->  <\/p>\n<p style=\"text-align: justify;\">\u00a0<\/p>\n<p style=\"text-align: justify;\"><span style=\"font-size: 10pt; color: #000000;\">En un discurso pronunciado bajo un sol de penitencia delante del puente Edmund Pettus, en el cual, hace 50 a\u00f1os, unas 600 personas que manifestaban pac\u00edficamente fueron reprimidas con brutalidad por la polic\u00eda, el primer presidente negro de la historia del pa\u00eds rechaz\u00f3 el &#8220;error com\u00fan&#8221; de &#8220;sugerir que el racismo ha desaparecido, que el trabajo realizado por los hombres y mujeres de Selma se ha terminado&#8221;.<\/span><\/p>\n<p><span style=\"font-size: 10pt; color: #000000;\">&#8220;No necesitamos el informe de Ferguson para saber que eso es cierto&#8221;, se\u00f1al\u00f3 en alusi\u00f3n a un terminante documento del departamento de Justicia que subraya los comportamientos discriminatorios de la polic\u00eda en esa localidad escenario de duros enfrentamientos tras la muerte de un joven negro por un agente blanco, en agosto pasado.<\/span><\/p>\n<p style=\"text-align: justify;\"><span style=\"font-size: 10pt; color: #000000;\">&#8220;Nos basta abrir los ojos, los o\u00eddos y los corazones para saber que la sombra de la historia racial de este pa\u00eds contin\u00faa planeando sobre nosotros&#8221;, se\u00f1al\u00f3 Obama en esta peque\u00f1a ciudad de Alabama en la que se reunieron decenas de miles de personas 50 a\u00f1os despu\u00e9s de un &#8220;Bloody Sunday&#8221; que traumatiz\u00f3 al pa\u00eds.<\/span><\/p>\n<p style=\"text-align: justify;\"><span style=\"font-size: 10pt; color: #000000;\">Fuente de inspiraci\u00f3n<\/span><\/p>\n<p style=\"text-align: justify;\"><span style=\"font-size: 10pt; color: #000000;\">&#8220;Sabemos que esta marcha no ha concluido&#8221;, dijo en presencia de su mujer, Michelle, de su predecesor, George W. Bush, y de la esposa de este \u00faltimo, Laura.<\/span><\/p>\n<p style=\"text-align: justify;\"><span style=\"font-size: 10pt; color: #000000;\">Obama denunci\u00f3 tambi\u00e9n la implementaci\u00f3n en algunos estados de leyes que dificultan el ejercicio del voto por las minor\u00edas.<\/span><\/p>\n<p style=\"text-align: justify;\"><span style=\"font-size: 10pt; color: #000000;\">&#8220;En 2015, 50 a\u00f1os despu\u00e9s de Selma, hay leyes en nuestro pa\u00eds dise\u00f1adas para hacer m\u00e1s dif\u00edcil que la gente vote&#8221;, dijo.<\/span><\/p>\n<p style=\"text-align: justify;\"><span style=\"font-size: 10pt; color: #000000;\">Tambi\u00e9n se\u00f1al\u00f3 que esta zona es en la actualidad un lugar de inspiraci\u00f3n para los ciudadanos de todo el mundo que luchan por la libertad. (Agencias)<\/span><\/p>\n","protected":false},"excerpt":{"rendered":"<p>SELMA, ESTADOS UNIDOS.- Barack Obama subray\u00f3 el s\u00e1bado en Selma (sur), punto alto de la lucha por los derechos civiles, que la marcha contra el racismo en Estados Unidos &#8220;no ha concluido&#8221;, y evoc\u00f3 en numerosas ocasiones los recientes incidentes en Ferguson, Misuri.<\/p>\n","protected":false},"author":93,"featured_media":0,"comment_status":"open","ping_status":"open","sticky":false,"template":"","format":"standard","meta":{"footnotes":""},"categories":[31],"tags":[],"class_list":["post-1986","post","type-post","status-publish","format-standard","hentry","category-orbe"],"_links":{"self":[{"href":"https:\/\/plazajuarez.mx\/historico\/wp-json\/wp\/v2\/posts\/1986","targetHints":{"allow":["GET"]}}],"collection":[{"href":"https:\/\/plazajuarez.mx\/historico\/wp-json\/wp\/v2\/posts"}],"about":[{"href":"https:\/\/plazajuarez.mx\/historico\/wp-json\/wp\/v2\/types\/post"}],"author":[{"embeddable":true,"href":"https:\/\/plazajuarez.mx\/historico\/wp-json\/wp\/v2\/users\/93"}],"replies":[{"embeddable":true,"href":"https:\/\/plazajuarez.mx\/historico\/wp-json\/wp\/v2\/comments?post=1986"}],"version-history":[{"count":0,"href":"https:\/\/plazajuarez.mx\/historico\/wp-json\/wp\/v2\/posts\/1986\/revisions"}],"wp:attachment":[{"href":"https:\/\/plazajuarez.mx\/historico\/wp-json\/wp\/v2\/media?parent=1986"}],"wp:term":[{"taxonomy":"category","embeddable":true,"href":"https:\/\/plazajuarez.mx\/historico\/wp-json\/wp\/v2\/categories?post=1986"},{"taxonomy":"post_tag","embeddable":true,"href":"https:\/\/plazajuarez.mx\/historico\/wp-json\/wp\/v2\/tags?post=1986"}],"curies":[{"name":"wp","href":"https:\/\/api.w.org\/{rel}","templated":true}]}}