{"id":1985,"date":"2015-03-09T06:00:00","date_gmt":"2015-03-09T06:00:00","guid":{"rendered":"http:\/\/plazajuarez.mx\/index\/index.php\/2015\/03\/09\/un-checheno-confeso-que-participo-de-la-muerte-del-opositor-ruso-boris-nemtsov\/"},"modified":"2015-03-09T06:00:00","modified_gmt":"2015-03-09T06:00:00","slug":"un-checheno-confeso-que-participo-de-la-muerte-del-opositor-ruso-boris-nemtsov","status":"publish","type":"post","link":"https:\/\/plazajuarez.mx\/historico\/un-checheno-confeso-que-participo-de-la-muerte-del-opositor-ruso-boris-nemtsov\/","title":{"rendered":"Un checheno confes\u00f3 que particip\u00f3 de la muerte del opositor ruso Boris Nemtsov"},"content":{"rendered":"<p style=\"text-align: justify;\"><span style=\"font-size: 10pt; color: #000000;\">MOSC\u00da.- Uno de los cinco chechenos detenidos por el asesinato del pol\u00edtico opositor ruso Boris Nemtsov, perpetrado el 27 de febrero en Mosc\u00fa, confes\u00f3 ayer su participaci\u00f3n en el crimen. Mientras tanto, los otros cuatro sospechosos, en prisi\u00f3n preventiva, defienden su inocencia.<\/span><\/p>\n<p>  <!--more-->  <\/p>\n<p style=\"text-align: justify;\">\u00a0<\/p>\n<p style=\"text-align: justify;\"><span style=\"font-size: 10pt; color: #000000;\">&#8220;Zaur Dadayev ha admitido su implicaci\u00f3n en el crimen. La culpabilidad de Dadayev est\u00e1 confirmada, adem\u00e1s de por su confesi\u00f3n, por todas las pruebas recabadas&#8221;, dijo la jueza, Natalia Mushnikova, durante la vista en el tribunal Basmanni de la capital rusa.<\/span><\/p>\n<p style=\"text-align: justify;\"><span style=\"font-size: 10pt; color: #000000;\">A continuaci\u00f3n, orden\u00f3 el ingreso en prisi\u00f3n preventiva hasta el 28 de abril de Dadayev, antiguo miembro del batall\u00f3n Sever (Norte) del Ministerio del Interior de Chechenia, rep\u00fablica del C\u00e1ucaso Norte conocida en Rusia por ser granero de asesinos a sueldo.<\/span><\/p>\n<p style=\"text-align: justify;\"><span style=\"font-size: 10pt; color: #000000;\">Detenido esta semana por el Servicio Federal de Seguridad (FSB, antiguo KGB) en la rep\u00fablica de Ingushetia, Dadayev pidi\u00f3 encarecidamente al juez que no ordenara su encarcelamiento.<\/span><\/p>\n<p style=\"text-align: justify;\"><span style=\"font-size: 10pt; color: #000000;\">&#8220;Nunca antes he sido acusado penalmente. Espero que mi caso sea tratado con justicia&#8221;, dijo Dadayev, nacido en 1982 en la ciudad de St\u00e1vropol (sur), quien apareci\u00f3 esposado y entre rejas en el tribunal, seg\u00fan las im\u00e1genes ofrecidas por la televisi\u00f3n rusa.<\/span><\/p>\n<p style=\"text-align: justify;\"><span style=\"font-size: 10pt; color: #000000;\">La madre de Dadayev, quien fue citada a declarar por las autoridades, record\u00f3 que su hijo sirvi\u00f3 durante m\u00e1s de diez a\u00f1os en las fuerzas de seguridad de Chechenia y combati\u00f3 a los guerrilleros islamistas.<\/span><\/p>\n<p style=\"text-align: justify;\"><span style=\"font-size: 10pt; color: #000000;\">El rastro checheno se confirma con la detenci\u00f3n desde ayer de cinco individuos originarios de esa rep\u00fablica, aunque pocos son los que creen que Nemtsov haya sido v\u00edctima de un atentado terrorista el pasado 27 de febrero cerca del Kremlin.<\/span><br \/><span style=\"font-size: 10pt; color: #000000;\">(Agencias)<\/span><\/p>\n","protected":false},"excerpt":{"rendered":"<p>MOSC\u00da.- Uno de los cinco chechenos detenidos por el asesinato del pol\u00edtico opositor ruso Boris Nemtsov, perpetrado el 27 de febrero en Mosc\u00fa, confes\u00f3 ayer su participaci\u00f3n en el crimen. Mientras tanto, los otros cuatro sospechosos, en prisi\u00f3n preventiva, defienden su inocencia.<\/p>\n","protected":false},"author":93,"featured_media":0,"comment_status":"open","ping_status":"open","sticky":false,"template":"","format":"standard","meta":{"footnotes":""},"categories":[31],"tags":[],"class_list":["post-1985","post","type-post","status-publish","format-standard","hentry","category-orbe"],"_links":{"self":[{"href":"https:\/\/plazajuarez.mx\/historico\/wp-json\/wp\/v2\/posts\/1985","targetHints":{"allow":["GET"]}}],"collection":[{"href":"https:\/\/plazajuarez.mx\/historico\/wp-json\/wp\/v2\/posts"}],"about":[{"href":"https:\/\/plazajuarez.mx\/historico\/wp-json\/wp\/v2\/types\/post"}],"author":[{"embeddable":true,"href":"https:\/\/plazajuarez.mx\/historico\/wp-json\/wp\/v2\/users\/93"}],"replies":[{"embeddable":true,"href":"https:\/\/plazajuarez.mx\/historico\/wp-json\/wp\/v2\/comments?post=1985"}],"version-history":[{"count":0,"href":"https:\/\/plazajuarez.mx\/historico\/wp-json\/wp\/v2\/posts\/1985\/revisions"}],"wp:attachment":[{"href":"https:\/\/plazajuarez.mx\/historico\/wp-json\/wp\/v2\/media?parent=1985"}],"wp:term":[{"taxonomy":"category","embeddable":true,"href":"https:\/\/plazajuarez.mx\/historico\/wp-json\/wp\/v2\/categories?post=1985"},{"taxonomy":"post_tag","embeddable":true,"href":"https:\/\/plazajuarez.mx\/historico\/wp-json\/wp\/v2\/tags?post=1985"}],"curies":[{"name":"wp","href":"https:\/\/api.w.org\/{rel}","templated":true}]}}