{"id":1984,"date":"2015-03-09T06:00:00","date_gmt":"2015-03-09T06:00:00","guid":{"rendered":"http:\/\/plazajuarez.mx\/index\/index.php\/2015\/03\/09\/fox-se-debe-dialogar-con-el-crimen-organizado\/"},"modified":"2015-03-09T06:00:00","modified_gmt":"2015-03-09T06:00:00","slug":"fox-se-debe-dialogar-con-el-crimen-organizado","status":"publish","type":"post","link":"https:\/\/plazajuarez.mx\/historico\/fox-se-debe-dialogar-con-el-crimen-organizado\/","title":{"rendered":"Fox: se debe dialogar con el crimen organizado"},"content":{"rendered":"<p style=\"text-align: justify;\"><span style=\"font-size: 10pt; color: #000000;\">SAN CRIST\u00d3BAL, Gto.- El ex presidente Vicente Fox Quesada insisti\u00f3 en que el gobierno federal debe dialogar con el crimen organizado y utilizar la inteligencia para terminar con la violencia; adem\u00e1s, consider\u00f3 que la captura de Servando G\u00f3mez La Tuta y de Omar Trevi\u00f1o, El Z-42, no es una garant\u00eda de que se acabar\u00e1 la inseguridad.<\/span><\/p>\n<p>  <!--more-->  <\/p>\n<p style=\"text-align: justify;\"><span style=\"font-size: 10pt; color: #000000;\">El ex mandatario se\u00f1al\u00f3 que la delincuencia en M\u00e9xico no s\u00f3lo se debe combatir a balazos, \u201chay que mejorar la estrategia, la estrategia tiene que ser de gran inteligencia, tiene que ser una b\u00fasqueda para terminar la violencia sin provocar violencia. Creo firmemente que se puede dialogar hasta con los criminales. Todo ser humano es rescatable y merece una segunda oportunidad, creo que debe haber una estrategia en ese sentido\u201d, dijo. <\/span><br \/><span style=\"font-size: 10pt; color: #000000;\">Este domingo, Fox Quesada sostuvo que el di\u00e1logo debe sustituir a la violencia para encontrar un camino de paz y armon\u00eda. \u201cLa tarea de traer seguridad a M\u00e9xico no es nada m\u00e1s a golpes, porrazos y balazos, violencia genera s\u00f3lo m\u00e1s violencia, la tarea tiene que ser buscar la armon\u00eda, buscar el entendimiento, buscar el di\u00e1logo y buscar erradicar lacras como la corrupci\u00f3n, contaminaci\u00f3n entre el narcotr\u00e1fico, c\u00e1rteles y autoridades\u201d, enfatiz\u00f3. <\/span><br \/><span style=\"font-size: 10pt; color: #000000;\">\u201cLos que se van al lado del crimen es porque no tuvieron la oportunidad de participar en una orquesta sinf\u00f3nica, de tener un empleo y una ocupaci\u00f3n productiva, un ingreso para sostener a su familia, de tener un espacio en la universidad, mientras no proveamos estos m\u00ednimos necesarios de oportunidades a todo mundo en M\u00e9xico, seguiremos en esta confrontaci\u00f3n\u201d, indic\u00f3. (Agencias)<\/span><\/p>\n<p>\u00a0<\/p>\n","protected":false},"excerpt":{"rendered":"<p>SAN CRIST\u00d3BAL, Gto.- El ex presidente Vicente Fox Quesada insisti\u00f3 en que el gobierno federal debe dialogar con el crimen organizado y utilizar la inteligencia para terminar con la violencia; adem\u00e1s, consider\u00f3 que la captura de Servando G\u00f3mez La Tuta y de Omar Trevi\u00f1o, El Z-42, no es una garant\u00eda de que se acabar\u00e1 la [&hellip;]<\/p>\n","protected":false},"author":93,"featured_media":0,"comment_status":"open","ping_status":"open","sticky":false,"template":"","format":"standard","meta":{"footnotes":""},"categories":[36],"tags":[],"class_list":["post-1984","post","type-post","status-publish","format-standard","hentry","category-nacion"],"_links":{"self":[{"href":"https:\/\/plazajuarez.mx\/historico\/wp-json\/wp\/v2\/posts\/1984","targetHints":{"allow":["GET"]}}],"collection":[{"href":"https:\/\/plazajuarez.mx\/historico\/wp-json\/wp\/v2\/posts"}],"about":[{"href":"https:\/\/plazajuarez.mx\/historico\/wp-json\/wp\/v2\/types\/post"}],"author":[{"embeddable":true,"href":"https:\/\/plazajuarez.mx\/historico\/wp-json\/wp\/v2\/users\/93"}],"replies":[{"embeddable":true,"href":"https:\/\/plazajuarez.mx\/historico\/wp-json\/wp\/v2\/comments?post=1984"}],"version-history":[{"count":0,"href":"https:\/\/plazajuarez.mx\/historico\/wp-json\/wp\/v2\/posts\/1984\/revisions"}],"wp:attachment":[{"href":"https:\/\/plazajuarez.mx\/historico\/wp-json\/wp\/v2\/media?parent=1984"}],"wp:term":[{"taxonomy":"category","embeddable":true,"href":"https:\/\/plazajuarez.mx\/historico\/wp-json\/wp\/v2\/categories?post=1984"},{"taxonomy":"post_tag","embeddable":true,"href":"https:\/\/plazajuarez.mx\/historico\/wp-json\/wp\/v2\/tags?post=1984"}],"curies":[{"name":"wp","href":"https:\/\/api.w.org\/{rel}","templated":true}]}}